{"id":7805,"date":"2011-09-30T16:52:00","date_gmt":"2011-09-30T16:52:00","guid":{"rendered":"http:\/\/formalprision.info\/2011\/09\/30\/niegan-libertad-bajo-fianza-pepe\/"},"modified":"2015-06-03T08:55:24","modified_gmt":"2015-06-03T08:55:24","slug":"niegan-libertad-bajo-fianza-pepe","status":"publish","type":"post","link":"https:\/\/formalprision.com\/?p=7805","title":{"rendered":"Niegan libertad bajo fianza a Pepe Granadas, presunto jefe del narco en Valladolid"},"content":{"rendered":"<p><a href=\"http:\/\/1.bp.blogspot.com\/-SLLUql5SegY\/ToVo--AyPqI\/AAAAAAAAEUA\/wjOzljuCjfo\/s1600\/aaaapepegranadas.jpg\"><img decoding=\"async\" id=\"BLOGGER_PHOTO_ID_5658043937868365474\" style=\"FLOAT: left; MARGIN: 0px 10px 10px 0px; WIDTH: 214px; CURSOR: hand; HEIGHT: 320px\" alt=\"\" src=\"http:\/\/formalprision.com\/wp-content\/uploads\/2011\/09\/aaaapepegranadas.jpg\" border=\"0\" \/><\/a><\/p>\n<p><\/p>\n<div>El Ministerio P\u00fablico de la Federaci\u00f3n neg\u00f3 la libertad bajo fianza al presunto narcotraficante Jos\u00e9 Francisco Gonz\u00e1lez G\u00f3ngora (a) \u201cPepe Granadas\u201d, detenido esta semana en Valladolid.<\/div>\n<div>La autoridad ministerial federal consign\u00f3 al sujeto al Juzgado Segundo de Distrito por delitos contra la salud y violaci\u00f3n a Ley Federal de Armas de Fuego y Explosivos.<\/div>\n<div>El expediente indica que el pasado 27 de septiembre, en atenci\u00f3n a una denuncia ciudadana por posible venta de droga, elementos de la Polic\u00eda Federal y de la SSP estatal implementaron un operativo de vigilancia en un domicilio ubicado en la calle 45 por 40 y 42 del Barrio de San Juan, donde vieron salir a Gonz\u00e1lez G\u00f3ngora, quien concordaba con las caracter\u00edsticas se\u00f1aladas.<br \/>Al abordar el veh\u00edculo marca Honda modelo Accord, color vino, con placas de circulaci\u00f3n UUE-2936 del estado de Quintana Roo, se procedi\u00f3 a solicitarle una revisi\u00f3n de inspecci\u00f3n corporal, as\u00ed como al interior del auto, pero este renuente arroj\u00f3 en uno de los asientos un arma de fuego<br \/>Finalmente se le detuvo y se le decomisaron:<br \/>\u00b7 Un arma tipo rev\u00f3lver, marca Smith and Wesson, calibre .38 Spl modelo 60, con cinco cartuchos sin percutir.<br \/>\u00b7 Un arma tipo pistola marca Colt, calibre .38 con tres cartuchos sin percutir.<br \/>\u00b7 31 gramos 700 miligramos de marihuana.<br \/>\u00b7 Tres tel\u00e9fonos celulares.<br \/>\u00b7 Una caja de madera.<br \/>Derivado de estos hechos, el inculpado y lo asegurado qued\u00f3 a disposici\u00f3n de la PGR, que le neg\u00f3 la libertad bajo fianza y lo remiti\u00f3 a un juzfado de Distrito.<\/div>\n<p><\/p>\n<div><\/div>\n","protected":false},"excerpt":{"rendered":"<p>El Ministerio P\u00fablico de la Federaci\u00f3n neg\u00f3 la libertad bajo fianza al presunto narcotraficante Jos\u00e9 Francisco Gonz\u00e1lez G\u00f3ngora (a) \u201cPepe Granadas\u201d, detenido esta semana en Valladolid. La autoridad ministerial federal<\/p>\n","protected":false},"author":1,"featured_media":25666,"comment_status":"open","ping_status":"open","sticky":false,"template":"","format":"standard","meta":{"jetpack_post_was_ever_published":false,"_jetpack_newsletter_access":"","_jetpack_dont_email_post_to_subs":false,"_jetpack_newsletter_tier_id":0,"_jetpack_memberships_contains_paywalled_content":false,"_jetpack_memberships_contains_paid_content":false,"footnotes":"","jetpack_publicize_message":"","jetpack_publicize_feature_enabled":true,"jetpack_social_post_already_shared":false,"jetpack_social_options":{"image_generator_settings":{"template":"highway","default_image_id":0,"font":"","enabled":false},"version":2}},"categories":[45,47,3,1],"tags":[],"class_list":["post-7805","post","type-post","status-publish","format-standard","has-post-thumbnail","hentry","category-delincuentes-vip","category-narcos","category-portada","category-sin-categoria"],"jetpack_publicize_connections":[],"jetpack_featured_media_url":"https:\/\/formalprision.com\/wp-content\/uploads\/2011\/09\/aaaapepegranadas.jpg","jetpack_sharing_enabled":true,"jetpack_shortlink":"https:\/\/wp.me\/p6id8p-21T","_links":{"self":[{"href":"https:\/\/formalprision.com\/index.php?rest_route=\/wp\/v2\/posts\/7805","targetHints":{"allow":["GET"]}}],"collection":[{"href":"https:\/\/formalprision.com\/index.php?rest_route=\/wp\/v2\/posts"}],"about":[{"href":"https:\/\/formalprision.com\/index.php?rest_route=\/wp\/v2\/types\/post"}],"author":[{"embeddable":true,"href":"https:\/\/formalprision.com\/index.php?rest_route=\/wp\/v2\/users\/1"}],"replies":[{"embeddable":true,"href":"https:\/\/formalprision.com\/index.php?rest_route=%2Fwp%2Fv2%2Fcomments&post=7805"}],"version-history":[{"count":0,"href":"https:\/\/formalprision.com\/index.php?rest_route=\/wp\/v2\/posts\/7805\/revisions"}],"wp:featuredmedia":[{"embeddable":true,"href":"https:\/\/formalprision.com\/index.php?rest_route=\/wp\/v2\/media\/25666"}],"wp:attachment":[{"href":"https:\/\/formalprision.com\/index.php?rest_route=%2Fwp%2Fv2%2Fmedia&parent=7805"}],"wp:term":[{"taxonomy":"category","embeddable":true,"href":"https:\/\/formalprision.com\/index.php?rest_route=%2Fwp%2Fv2%2Fcategories&post=7805"},{"taxonomy":"post_tag","embeddable":true,"href":"https:\/\/formalprision.com\/index.php?rest_route=%2Fwp%2Fv2%2Ftags&post=7805"}],"curies":[{"name":"wp","href":"https:\/\/api.w.org\/{rel}","templated":true}]}}