{"id":7806,"date":"2011-09-30T14:54:00","date_gmt":"2011-09-30T14:54:00","guid":{"rendered":"http:\/\/formalprision.info\/2011\/09\/30\/integrante-de-los-zetas-detenido-en\/"},"modified":"2015-06-03T08:55:24","modified_gmt":"2015-06-03T08:55:24","slug":"integrante-de-los-zetas-detenido-en","status":"publish","type":"post","link":"https:\/\/formalprision.com\/?p=7806","title":{"rendered":"Integrante de los ZETAS detenido en M\u00e9rida estuvo preso s\u00f3lo una semana"},"content":{"rendered":"<p><a href=\"http:\/\/2.bp.blogspot.com\/-YSXmd4gzj-k\/ToVtDDUKmOI\/AAAAAAAAEUI\/reCwfv6dqKc\/s1600\/aaaaaaaniecuentasedieron.jpg\"><img decoding=\"async\" id=\"BLOGGER_PHOTO_ID_5658048406057818338\" style=\"FLOAT: left; MARGIN: 0px 10px 10px 0px; WIDTH: 320px; CURSOR: hand; HEIGHT: 175px\" alt=\"\" src=\"http:\/\/formalprision.com\/wp-content\/uploads\/2011\/09\/aaaaaaaniecuentasedieron.jpg\" border=\"0\" \/><\/a><\/p>\n<div>PEDRO ALBERTO CORTEZ ARJONA, presunto integrante de los Zetas en Canc\u00fan y detenido en M\u00e9rida este miercoles, estuvo preso solo unos d\u00edas a principios de este mes.<\/div>\n<p><\/p>\n<div>El sujeto fue encarcelado por robo de autom\u00f3viles, pero recuper\u00f3 su libertad sin que nadie se percatara que se trataba del peligroso delincuente buscado en Quintana Roo.<\/div>\n<p><\/p>\n<div>Al parecer, logr\u00f3 evadir la acci\u00f3n de la justicia porque dijo apellidarse CORTES y no CORTEZ, lo que impidi\u00f3 que fuera identificado plenamente.<\/div>\n<p><\/p>\n<div>El presunto ZETA fue detenido el 2 de septiembre pasado junto con Mario de Jes\u00fas Estrella Couoh, cuando trataban de darse a la fuga con un auto que acababan de robar.<\/div>\n<p><\/p>\n<div>En esa ocasi\u00f3n, los polic\u00edas de la Fiscal\u00eda lo detectaron en la calle 55, entre 44 y 46, del Fraccionamiento Fidel Vel\u00e1zquez, donde Carlos Javier Salas Alonso, dijo que le acababan de robar su veh\u00edculo tipo Tsuru, marca Nissan, color blanco, placas de circulaci\u00f3n YZK-7173, el cual hab\u00eda dejado estacionado a las puertas del predio.<br \/>De inmediato se despleg\u00f3 un operativo de localizaci\u00f3n y, al llegar a la calle 38 x 15 de la colonia los Reyes, se localizaron e interceptaron dos veh\u00edculos tipo Tsuru que circulaban juntos, uno escoltando al otro, de los cuales uno era el reportado como robado, y el otro con placas de circulaci\u00f3n UUL-4588 de Quintana Roo.<br \/>Los dos sujetos, incluyendo a Cortez Arjona, fueron detenidos y consignados, pero por lo menos el presunto ZETA recuper\u00f3 su libertad una semana despu\u00e9s sin que fuese enviado a Quintana Roo, donde era buscado por secuestro y otros dellitos, como sucedi\u00f3 ahora que fue detenido de nuevo en el Perif\u00e9rico.<\/div>\n<p><\/p>\n<div>La fotograf\u00eda corresponde a su detenci\u00f3n por \u00abrobacoches\u00bb<\/div>\n<p><\/p>\n<div><\/div>\n<p><\/p>\n<div><\/div>\n","protected":false},"excerpt":{"rendered":"<p>PEDRO ALBERTO CORTEZ ARJONA, presunto integrante de los Zetas en Canc\u00fan y detenido en M\u00e9rida este miercoles, estuvo preso solo unos d\u00edas a principios de este mes. El sujeto fue<\/p>\n","protected":false},"author":1,"featured_media":25668,"comment_status":"open","ping_status":"open","sticky":false,"template":"","format":"standard","meta":{"jetpack_post_was_ever_published":false,"_jetpack_newsletter_access":"","_jetpack_dont_email_post_to_subs":false,"_jetpack_newsletter_tier_id":0,"_jetpack_memberships_contains_paywalled_content":false,"_jetpack_memberships_contains_paid_content":false,"footnotes":"","jetpack_publicize_message":"","jetpack_publicize_feature_enabled":true,"jetpack_social_post_already_shared":false,"jetpack_social_options":{"image_generator_settings":{"template":"highway","default_image_id":0,"font":"","enabled":false},"version":2}},"categories":[45,47,3,1],"tags":[],"class_list":["post-7806","post","type-post","status-publish","format-standard","has-post-thumbnail","hentry","category-delincuentes-vip","category-narcos","category-portada","category-sin-categoria"],"jetpack_publicize_connections":[],"jetpack_featured_media_url":"https:\/\/formalprision.com\/wp-content\/uploads\/2011\/09\/aaaaaaaniecuentasedieron.jpg","jetpack_sharing_enabled":true,"jetpack_shortlink":"https:\/\/wp.me\/p6id8p-21U","_links":{"self":[{"href":"https:\/\/formalprision.com\/index.php?rest_route=\/wp\/v2\/posts\/7806","targetHints":{"allow":["GET"]}}],"collection":[{"href":"https:\/\/formalprision.com\/index.php?rest_route=\/wp\/v2\/posts"}],"about":[{"href":"https:\/\/formalprision.com\/index.php?rest_route=\/wp\/v2\/types\/post"}],"author":[{"embeddable":true,"href":"https:\/\/formalprision.com\/index.php?rest_route=\/wp\/v2\/users\/1"}],"replies":[{"embeddable":true,"href":"https:\/\/formalprision.com\/index.php?rest_route=%2Fwp%2Fv2%2Fcomments&post=7806"}],"version-history":[{"count":0,"href":"https:\/\/formalprision.com\/index.php?rest_route=\/wp\/v2\/posts\/7806\/revisions"}],"wp:featuredmedia":[{"embeddable":true,"href":"https:\/\/formalprision.com\/index.php?rest_route=\/wp\/v2\/media\/25668"}],"wp:attachment":[{"href":"https:\/\/formalprision.com\/index.php?rest_route=%2Fwp%2Fv2%2Fmedia&parent=7806"}],"wp:term":[{"taxonomy":"category","embeddable":true,"href":"https:\/\/formalprision.com\/index.php?rest_route=%2Fwp%2Fv2%2Fcategories&post=7806"},{"taxonomy":"post_tag","embeddable":true,"href":"https:\/\/formalprision.com\/index.php?rest_route=%2Fwp%2Fv2%2Ftags&post=7806"}],"curies":[{"name":"wp","href":"https:\/\/api.w.org\/{rel}","templated":true}]}}