{"id":7810,"date":"2011-09-29T02:15:00","date_gmt":"2011-09-29T02:15:00","guid":{"rendered":"http:\/\/formalprision.info\/2011\/09\/29\/zeta-buscado-en-quintana-roo-detenido\/"},"modified":"2015-06-03T08:55:25","modified_gmt":"2015-06-03T08:55:25","slug":"zeta-buscado-en-quintana-roo-detenido","status":"publish","type":"post","link":"https:\/\/formalprision.com\/?p=7810","title":{"rendered":"Zeta buscado en Quintana Roo detenido enM\u00e9rida"},"content":{"rendered":"<p><b>Un presunto integrante del grupo criminal los Zetas, buscado por el delito de secuestro en el estado de Quintana Roo, fue aprehendido hoy en M\u00e9rida durante una acci\u00f3n conjunta de la Secretar\u00eda de Seguridad P\u00fablica de Yucat\u00e1n y la Polic\u00eda Federal.<\/b><br \/>El individuo, de nombre <b>Pedro Alberto Cortez Arjona<\/b>, de 27 a\u00f1os de edad, fue localizado y detenido en un puesto de revisi\u00f3n instalado en el kil\u00f3metro 17 del anillo perif\u00e9rico, por polic\u00edas estatales y federales que mantuvieron un trabajo coordinado de inteligencia e intercambio de informaci\u00f3n; viajaba en un Nissan Sentra negro con placas UUH-4530 de Quintana Roo.<br \/>Al verificar sus datos y huellas dactilares en la Unidad de An\u00e1lisis de Informaci\u00f3n e Inteligencia (UDAI) de la SSP, el sistema arroj\u00f3 que el sujeto tiene una orden de aprehensi\u00f3n vigente en la vecina entidad por el delito de secuestro y se le identifica como operador del grupo delictivo los Zetas.<br \/>Asimismo, la base de datos de la Polic\u00eda Estatal muestra que Cortez Arjona tiene ingresos al penal y a la c\u00e1rcel p\u00fablica por el delito de robo, cinco ocasiones en Quintana Roo y tres en Yucat\u00e1n. <a href=\"http:\/\/2.bp.blogspot.com\/-rSM4wqX3uQ4\/ToPUTXUzXGI\/AAAAAAAAETQ\/N1sayEJX5Qc\/s1600\/image-712896.png\"><img decoding=\"async\" id=\"BLOGGER_PHOTO_ID_5657598986051345506\" alt=\"\" src=\"http:\/\/formalprision.com\/wp-content\/uploads\/2011\/09\/image-712896.jpg\" border=\"0\" \/><\/a><\/p>\n","protected":false},"excerpt":{"rendered":"<p>Un presunto integrante del grupo criminal los Zetas, buscado por el delito de secuestro en el estado de Quintana Roo, fue aprehendido hoy en M\u00e9rida durante una acci\u00f3n conjunta de<\/p>\n","protected":false},"author":1,"featured_media":25676,"comment_status":"open","ping_status":"open","sticky":false,"template":"","format":"standard","meta":{"jetpack_post_was_ever_published":false,"_jetpack_newsletter_access":"","_jetpack_dont_email_post_to_subs":false,"_jetpack_newsletter_tier_id":0,"_jetpack_memberships_contains_paywalled_content":false,"_jetpack_memberships_contains_paid_content":false,"footnotes":"","jetpack_publicize_message":"","jetpack_publicize_feature_enabled":true,"jetpack_social_post_already_shared":false,"jetpack_social_options":{"image_generator_settings":{"template":"highway","default_image_id":0,"font":"","enabled":false},"version":2}},"categories":[45,47,3,1],"tags":[],"class_list":["post-7810","post","type-post","status-publish","format-standard","has-post-thumbnail","hentry","category-delincuentes-vip","category-narcos","category-portada","category-sin-categoria"],"jetpack_publicize_connections":[],"jetpack_featured_media_url":"https:\/\/formalprision.com\/wp-content\/uploads\/2011\/09\/image-712896.jpg","jetpack_sharing_enabled":true,"jetpack_shortlink":"https:\/\/wp.me\/p6id8p-21Y","_links":{"self":[{"href":"https:\/\/formalprision.com\/index.php?rest_route=\/wp\/v2\/posts\/7810","targetHints":{"allow":["GET"]}}],"collection":[{"href":"https:\/\/formalprision.com\/index.php?rest_route=\/wp\/v2\/posts"}],"about":[{"href":"https:\/\/formalprision.com\/index.php?rest_route=\/wp\/v2\/types\/post"}],"author":[{"embeddable":true,"href":"https:\/\/formalprision.com\/index.php?rest_route=\/wp\/v2\/users\/1"}],"replies":[{"embeddable":true,"href":"https:\/\/formalprision.com\/index.php?rest_route=%2Fwp%2Fv2%2Fcomments&post=7810"}],"version-history":[{"count":0,"href":"https:\/\/formalprision.com\/index.php?rest_route=\/wp\/v2\/posts\/7810\/revisions"}],"wp:featuredmedia":[{"embeddable":true,"href":"https:\/\/formalprision.com\/index.php?rest_route=\/wp\/v2\/media\/25676"}],"wp:attachment":[{"href":"https:\/\/formalprision.com\/index.php?rest_route=%2Fwp%2Fv2%2Fmedia&parent=7810"}],"wp:term":[{"taxonomy":"category","embeddable":true,"href":"https:\/\/formalprision.com\/index.php?rest_route=%2Fwp%2Fv2%2Fcategories&post=7810"},{"taxonomy":"post_tag","embeddable":true,"href":"https:\/\/formalprision.com\/index.php?rest_route=%2Fwp%2Fv2%2Ftags&post=7810"}],"curies":[{"name":"wp","href":"https:\/\/api.w.org\/{rel}","templated":true}]}}