{"id":7811,"date":"2011-09-28T19:16:00","date_gmt":"2011-09-28T19:16:00","guid":{"rendered":"http:\/\/formalprision.info\/2011\/09\/28\/niegan-amparo-provisional-al-calin-por\/"},"modified":"2015-06-03T08:55:25","modified_gmt":"2015-06-03T08:55:25","slug":"niegan-amparo-provisional-al-calin-por","status":"publish","type":"post","link":"https:\/\/formalprision.com\/?p=7811","title":{"rendered":"Niegan amparo provisional al Cal\u00edn por  agresi\u00f3n del 4 de julio"},"content":{"rendered":"<p>Carlos Herrera Chal\u00e9, (a) El Cal\u00edn, acusado de lideresr a un grupo de<br \/>sujetos que agredi\u00f3 a quienes protestaban por la construcci\u00f3n del<br \/>Paso Deprimido, sufri\u00f3 un rev\u00e8s de la justicia federal.<br \/>El Juzgado Segundo de Distrito le neg\u00f3 ayer la suspensi\u00f3n definitiva<br \/>l contra actos del Juzgado Segundo Penal.<br \/>El mismo tribunal federal le concedi\u00f3 la suspensi\u00f3n definitiva por la<br \/>orden de aprehensi\u00f3n que dict\u00f3 el Juzgado Sexto Penal, donde enfrenta<br \/>dos procesos El Cal\u00edn.<br \/>Sin embargo, el fallo desfavorable fueen el expediente 1293 que se<br \/>sigue en el Juzgado Segundo de Distrito por la solicitud de amparo que<br \/>present\u00f3 Herrera Chal\u00e9<br \/>Con esta decisi\u00f3n El Cal\u00edn podr\u00eda ser detenido, aunque hasta donde<br \/>se sabe en el Juzgado Segundo Penal no seincluy\u00f3 al Cal\u00edn entre los<br \/>acusados.<\/p>\n","protected":false},"excerpt":{"rendered":"<p>Carlos Herrera Chal\u00e9, (a) El Cal\u00edn, acusado de lideresr a un grupo desujetos que agredi\u00f3 a quienes protestaban por la construcci\u00f3n delPaso Deprimido, sufri\u00f3 un rev\u00e8s de la justicia federal.El<\/p>\n","protected":false},"author":1,"featured_media":0,"comment_status":"open","ping_status":"open","sticky":false,"template":"","format":"standard","meta":{"jetpack_post_was_ever_published":false,"_jetpack_newsletter_access":"","_jetpack_dont_email_post_to_subs":false,"_jetpack_newsletter_tier_id":0,"_jetpack_memberships_contains_paywalled_content":false,"_jetpack_memberships_contains_paid_content":false,"footnotes":"","jetpack_publicize_message":"","jetpack_publicize_feature_enabled":true,"jetpack_social_post_already_shared":false,"jetpack_social_options":{"image_generator_settings":{"template":"highway","default_image_id":0,"font":"","enabled":false},"version":2}},"categories":[45,3,1],"tags":[],"class_list":["post-7811","post","type-post","status-publish","format-standard","hentry","category-delincuentes-vip","category-portada","category-sin-categoria"],"jetpack_publicize_connections":[],"jetpack_featured_media_url":"","jetpack_sharing_enabled":true,"jetpack_shortlink":"https:\/\/wp.me\/p6id8p-21Z","_links":{"self":[{"href":"https:\/\/formalprision.com\/index.php?rest_route=\/wp\/v2\/posts\/7811","targetHints":{"allow":["GET"]}}],"collection":[{"href":"https:\/\/formalprision.com\/index.php?rest_route=\/wp\/v2\/posts"}],"about":[{"href":"https:\/\/formalprision.com\/index.php?rest_route=\/wp\/v2\/types\/post"}],"author":[{"embeddable":true,"href":"https:\/\/formalprision.com\/index.php?rest_route=\/wp\/v2\/users\/1"}],"replies":[{"embeddable":true,"href":"https:\/\/formalprision.com\/index.php?rest_route=%2Fwp%2Fv2%2Fcomments&post=7811"}],"version-history":[{"count":0,"href":"https:\/\/formalprision.com\/index.php?rest_route=\/wp\/v2\/posts\/7811\/revisions"}],"wp:attachment":[{"href":"https:\/\/formalprision.com\/index.php?rest_route=%2Fwp%2Fv2%2Fmedia&parent=7811"}],"wp:term":[{"taxonomy":"category","embeddable":true,"href":"https:\/\/formalprision.com\/index.php?rest_route=%2Fwp%2Fv2%2Fcategories&post=7811"},{"taxonomy":"post_tag","embeddable":true,"href":"https:\/\/formalprision.com\/index.php?rest_route=%2Fwp%2Fv2%2Ftags&post=7811"}],"curies":[{"name":"wp","href":"https:\/\/api.w.org\/{rel}","templated":true}]}}