{"id":7814,"date":"2011-09-27T15:26:00","date_gmt":"2011-09-27T15:26:00","guid":{"rendered":"http:\/\/formalprision.info\/2011\/09\/27\/envian-prision-narquito-de-motu\/"},"modified":"2015-06-03T08:55:26","modified_gmt":"2015-06-03T08:55:26","slug":"envian-prision-narquito-de-motu","status":"publish","type":"post","link":"https:\/\/formalprision.com\/?p=7814","title":{"rendered":"Env\u00edan a prisi\u00f3n a narquito de Motul"},"content":{"rendered":"<p><a href=\"http:\/\/4.bp.blogspot.com\/-M_Fzit518io\/ToFqsjAmx5I\/AAAAAAAAESo\/jJxi5l3r1Uk\/s1600\/aaaapgar.png\"><img decoding=\"async\" id=\"BLOGGER_PHOTO_ID_5656919920498624402\" style=\"FLOAT: left; MARGIN: 0px 10px 10px 0px; WIDTH: 320px; CURSOR: hand; HEIGHT: 240px\" alt=\"\" src=\"http:\/\/formalprision.com\/wp-content\/uploads\/2011\/09\/aaaapgar.png\" border=\"0\" \/><\/a><\/p>\n<div>La PGR consign\u00f3 al Juez de Defensa Social del Tercer Departamento Judicial con sede en Ebt\u00f3n, a Marcelo Balam y Noh, acusado de posesi\u00f3n simple de mariguana.<br \/>El sujetoo fue detenido en atenci\u00f3n a una denuncia ciudadana y capturado por la Polic\u00eda Federal Ministerial.<\/div>\n<p><\/p>\n<div>Se le detuvo el pasado 24 de septiembre, en la calle 35-A por 10 de la colonia Castillo, en Motul, donde los polis observaron a dos sujetos, uno de ellos Balam y Noh, quien concordaba con las caracter\u00edsticas se\u00f1aladas en la denuncia, por lo que procedieron a realizarles una revisi\u00f3n de rutina.<br \/>En el lugar, se asegur\u00f3 a Balam y Noh con 760 gramos 200 miligramos de mariguana, que llevaba en el interior de una mochila, mientras que a la otra persona le encontraron 170 gramos con 300 miligramos de mariguana, en la bolsa de su bermuda.<br \/>Por lo anterior, la droga y el vendedor quedaron a disposici\u00f3n del Fiscal Federal, quien inici\u00f3 y consign\u00f3 ante el Juez de Defensa Social.<\/div>\n<p><\/p>\n<div>Mientras que la otra persona obtuvo su libertad bajo cauci\u00f3n, por lo cual se encuentra sujeto bajo proceso. <\/div>\n","protected":false},"excerpt":{"rendered":"<p>La PGR consign\u00f3 al Juez de Defensa Social del Tercer Departamento Judicial con sede en Ebt\u00f3n, a Marcelo Balam y Noh, acusado de posesi\u00f3n simple de mariguana.El sujetoo fue detenido<\/p>\n","protected":false},"author":1,"featured_media":25682,"comment_status":"open","ping_status":"open","sticky":false,"template":"","format":"standard","meta":{"jetpack_post_was_ever_published":false,"_jetpack_newsletter_access":"","_jetpack_dont_email_post_to_subs":false,"_jetpack_newsletter_tier_id":0,"_jetpack_memberships_contains_paywalled_content":false,"_jetpack_memberships_contains_paid_content":false,"footnotes":"","jetpack_publicize_message":"","jetpack_publicize_feature_enabled":true,"jetpack_social_post_already_shared":false,"jetpack_social_options":{"image_generator_settings":{"template":"highway","default_image_id":0,"font":"","enabled":false},"version":2}},"categories":[47,3,1],"tags":[],"class_list":["post-7814","post","type-post","status-publish","format-standard","has-post-thumbnail","hentry","category-narcos","category-portada","category-sin-categoria"],"jetpack_publicize_connections":[],"jetpack_featured_media_url":"https:\/\/formalprision.com\/wp-content\/uploads\/2011\/09\/aaaapgar.png","jetpack_sharing_enabled":true,"jetpack_shortlink":"https:\/\/wp.me\/p6id8p-222","_links":{"self":[{"href":"https:\/\/formalprision.com\/index.php?rest_route=\/wp\/v2\/posts\/7814","targetHints":{"allow":["GET"]}}],"collection":[{"href":"https:\/\/formalprision.com\/index.php?rest_route=\/wp\/v2\/posts"}],"about":[{"href":"https:\/\/formalprision.com\/index.php?rest_route=\/wp\/v2\/types\/post"}],"author":[{"embeddable":true,"href":"https:\/\/formalprision.com\/index.php?rest_route=\/wp\/v2\/users\/1"}],"replies":[{"embeddable":true,"href":"https:\/\/formalprision.com\/index.php?rest_route=%2Fwp%2Fv2%2Fcomments&post=7814"}],"version-history":[{"count":0,"href":"https:\/\/formalprision.com\/index.php?rest_route=\/wp\/v2\/posts\/7814\/revisions"}],"wp:featuredmedia":[{"embeddable":true,"href":"https:\/\/formalprision.com\/index.php?rest_route=\/wp\/v2\/media\/25682"}],"wp:attachment":[{"href":"https:\/\/formalprision.com\/index.php?rest_route=%2Fwp%2Fv2%2Fmedia&parent=7814"}],"wp:term":[{"taxonomy":"category","embeddable":true,"href":"https:\/\/formalprision.com\/index.php?rest_route=%2Fwp%2Fv2%2Fcategories&post=7814"},{"taxonomy":"post_tag","embeddable":true,"href":"https:\/\/formalprision.com\/index.php?rest_route=%2Fwp%2Fv2%2Ftags&post=7814"}],"curies":[{"name":"wp","href":"https:\/\/api.w.org\/{rel}","templated":true}]}}