{"id":7832,"date":"2011-09-22T03:22:00","date_gmt":"2011-09-22T03:22:00","guid":{"rendered":"http:\/\/formalprision.info\/2011\/09\/22\/asesina-su-esposa-y-simula-suicidio-un\/"},"modified":"2015-06-03T08:55:28","modified_gmt":"2015-06-03T08:55:28","slug":"asesina-su-esposa-y-simula-suicidio-un","status":"publish","type":"post","link":"https:\/\/formalprision.com\/?p=7832","title":{"rendered":"Asesina a su esposa y simula suicidio un vecino de Juan Pablo II"},"content":{"rendered":"<p><b>El domingo 18 de septiembre pasado, la Fiscal\u00eda General recibi\u00f3 aviso telef\u00f3nico en el que se comunic\u00f3 que en la calle 26 veintis\u00e9is, por 3 tres letra D y 3 tres letra E, del Fraccionamiento Juan Pablo Segundo se encontraba el cad\u00e1ver de GLADIS JIMENEZ <\/b><\/p>\n<p>tras el levantamiento del cuerpo y la revisi\u00f3n de los elementos periciales recabados en el lugar, el SEMEFO determin\u00f3 que la causa de la muerte fue Asfixia por Estrangulamiento.<\/p>\n<p>Asimismo, se entrevist\u00f3 la pareja sentimental de la occisa, Marcelino Chan Ku, quien fue el que dio aviso del supuesto suicidio de su pareja, pretendiendo enga\u00f1ar a la autoridad al aseverar que Gladis Jim\u00e9nez se hab\u00eda quitado la vida mediante una sobredosis de pastillas, sin embargo, resultado de la revisi\u00f3n de la escena del crimen, elementos periciales recabados en el lugar, y la propia necropsia de Ley, se determin\u00f3 que el deceso era resultado de un homicidio, y la evidencia recabada implica a Chan Ku como presunto responsable del estrangulamiento de su pareja.<\/p>\n<p>Sobre el caso se integr\u00f3 la averiguaci\u00f3n Previa n\u00famero 839\/18\u00aa\/2011, relativa a las diligencias practicadas con motivo de la comisi\u00f3n del delito de HOMICIDIO CALIFICADO que se imputa a MARCELINO CHAN KU, quien hoy mismo fue arraigado.<\/p>\n<p><b><\/b><br \/><b>&#8211;<\/b><\/p>\n","protected":false},"excerpt":{"rendered":"<p>El domingo 18 de septiembre pasado, la Fiscal\u00eda General recibi\u00f3 aviso telef\u00f3nico en el que se comunic\u00f3 que en la calle 26 veintis\u00e9is, por 3 tres letra D y 3<\/p>\n","protected":false},"author":1,"featured_media":0,"comment_status":"open","ping_status":"open","sticky":false,"template":"","format":"standard","meta":{"jetpack_post_was_ever_published":false,"_jetpack_newsletter_access":"","_jetpack_dont_email_post_to_subs":false,"_jetpack_newsletter_tier_id":0,"_jetpack_memberships_contains_paywalled_content":false,"_jetpack_memberships_contains_paid_content":false,"footnotes":"","jetpack_publicize_message":"","jetpack_publicize_feature_enabled":true,"jetpack_social_post_already_shared":false,"jetpack_social_options":{"image_generator_settings":{"template":"highway","default_image_id":0,"font":"","enabled":false},"version":2}},"categories":[59,3,1],"tags":[],"class_list":["post-7832","post","type-post","status-publish","format-standard","hentry","category-asesinos","category-portada","category-sin-categoria"],"jetpack_publicize_connections":[],"jetpack_featured_media_url":"","jetpack_sharing_enabled":true,"jetpack_shortlink":"https:\/\/wp.me\/p6id8p-22k","_links":{"self":[{"href":"https:\/\/formalprision.com\/index.php?rest_route=\/wp\/v2\/posts\/7832","targetHints":{"allow":["GET"]}}],"collection":[{"href":"https:\/\/formalprision.com\/index.php?rest_route=\/wp\/v2\/posts"}],"about":[{"href":"https:\/\/formalprision.com\/index.php?rest_route=\/wp\/v2\/types\/post"}],"author":[{"embeddable":true,"href":"https:\/\/formalprision.com\/index.php?rest_route=\/wp\/v2\/users\/1"}],"replies":[{"embeddable":true,"href":"https:\/\/formalprision.com\/index.php?rest_route=%2Fwp%2Fv2%2Fcomments&post=7832"}],"version-history":[{"count":0,"href":"https:\/\/formalprision.com\/index.php?rest_route=\/wp\/v2\/posts\/7832\/revisions"}],"wp:attachment":[{"href":"https:\/\/formalprision.com\/index.php?rest_route=%2Fwp%2Fv2%2Fmedia&parent=7832"}],"wp:term":[{"taxonomy":"category","embeddable":true,"href":"https:\/\/formalprision.com\/index.php?rest_route=%2Fwp%2Fv2%2Fcategories&post=7832"},{"taxonomy":"post_tag","embeddable":true,"href":"https:\/\/formalprision.com\/index.php?rest_route=%2Fwp%2Fv2%2Ftags&post=7832"}],"curies":[{"name":"wp","href":"https:\/\/api.w.org\/{rel}","templated":true}]}}