{"id":7833,"date":"2011-09-21T19:50:00","date_gmt":"2011-09-21T19:50:00","guid":{"rendered":"http:\/\/formalprision.info\/2011\/09\/21\/detenidos-dos-saqueadores-de-predios\/"},"modified":"2015-06-03T08:55:29","modified_gmt":"2015-06-03T08:55:29","slug":"detenidos-dos-saqueadores-de-predios","status":"publish","type":"post","link":"https:\/\/formalprision.com\/?p=7833","title":{"rendered":"Detenidos dos saqueadores de predios veraniegos en la zona de Chicxulub Puerto"},"content":{"rendered":"<p><a href=\"http:\/\/4.bp.blogspot.com\/-7hjUWHk6PNo\/TnmF5QsrmwI\/AAAAAAAAEQ4\/q-AjOdH1nco\/s1600\/aaasaqueadores.JPG\"><img decoding=\"async\" id=\"BLOGGER_PHOTO_ID_5654698025921780482\" style=\"FLOAT: left; MARGIN: 0px 10px 10px 0px; WIDTH: 320px; CURSOR: hand; HEIGHT: 240px\" alt=\"\" src=\"http:\/\/formalprision.com\/wp-content\/uploads\/2011\/09\/aaasaqueadores.jpg\" border=\"0\" \/><\/a><\/p>\n<p><\/p>\n<div>Polic\u00edas progrese\u00f1os detuvieron a 2 presuntos ladrones de predios veraniegos.<\/div>\n<div>Los hechos ocurrieron a las 22:40 horas de ayer, cuando la polic\u00eda de Progresorrecibi\u00f3 una llamada de auxilio de Marco Arturo L\u00f3pez Olvera , quien indicaba que 2 sospechosos hab\u00edan sido sorprendidos por veladores del \u00e1rea saliendo de un predio ubicado en la entrada San Mateo ubicado en el kilometro 11+200 de la carretera Chicxulub Uaymitun, mismos que se dieron a la fuga en una camioneta blanca.<br \/>De inmediato polic\u00edas municipales implementaron un operativo de b\u00fasqueda en coordinaci\u00f3n con elementos de la SSP, logrando ubicar una camioneta Nissan placas YP 1573 en la carretera Chicxulub &#8211; Uaymitun a la altura del reten de la SSP.<br \/>Al realizar una inspecci\u00f3n al veh\u00edculo los agentes detectaron que en la parte posterior de \u00e9ste se encontraban 1 red de tenis, una laptop y 1 piscina inflable, mismas que no pudieron acreditar al ser cuestionados por los elementos policiacos.<br \/>Los detenidos dijeron llamarse ARMANDO RENE SANSORES CHAN alias el SAPO de 42 a\u00f1os de edad, y FRANCISCO JAVIER CHI EK 23 a\u00f1os de edad.<\/div>\n<p><\/p>\n<div>Cabe se\u00f1alar que los sospechosos manifestaron tener 2 c\u00f3mplices, el Jonathan y el Rat\u00f3n, con quienes anteriormente han realizado diversos robos a casa habitaci\u00f3n por el rumbo, logrando apoderarse de GPS, ca\u00f1as de pescar, pantallas, c\u00e1maras fotogr\u00e1ficas y celulares.<br \/>Ante estos se procedi\u00f3 a la detenci\u00f3n y trasladado de ambos sospechosos al edificio de la <\/div>\n","protected":false},"excerpt":{"rendered":"<p>Polic\u00edas progrese\u00f1os detuvieron a 2 presuntos ladrones de predios veraniegos. Los hechos ocurrieron a las 22:40 horas de ayer, cuando la polic\u00eda de Progresorrecibi\u00f3 una llamada de auxilio de Marco<\/p>\n","protected":false},"author":1,"featured_media":25715,"comment_status":"open","ping_status":"open","sticky":false,"template":"","format":"standard","meta":{"jetpack_post_was_ever_published":false,"_jetpack_newsletter_access":"","_jetpack_dont_email_post_to_subs":false,"_jetpack_newsletter_tier_id":0,"_jetpack_memberships_contains_paywalled_content":false,"_jetpack_memberships_contains_paid_content":false,"footnotes":"","jetpack_publicize_message":"","jetpack_publicize_feature_enabled":true,"jetpack_social_post_already_shared":false,"jetpack_social_options":{"image_generator_settings":{"template":"highway","default_image_id":0,"font":"","enabled":false},"version":2}},"categories":[3,57,1],"tags":[],"class_list":["post-7833","post","type-post","status-publish","format-standard","has-post-thumbnail","hentry","category-portada","category-ratas","category-sin-categoria"],"jetpack_publicize_connections":[],"jetpack_featured_media_url":"https:\/\/formalprision.com\/wp-content\/uploads\/2011\/09\/aaasaqueadores.jpg","jetpack_sharing_enabled":true,"jetpack_shortlink":"https:\/\/wp.me\/p6id8p-22l","_links":{"self":[{"href":"https:\/\/formalprision.com\/index.php?rest_route=\/wp\/v2\/posts\/7833","targetHints":{"allow":["GET"]}}],"collection":[{"href":"https:\/\/formalprision.com\/index.php?rest_route=\/wp\/v2\/posts"}],"about":[{"href":"https:\/\/formalprision.com\/index.php?rest_route=\/wp\/v2\/types\/post"}],"author":[{"embeddable":true,"href":"https:\/\/formalprision.com\/index.php?rest_route=\/wp\/v2\/users\/1"}],"replies":[{"embeddable":true,"href":"https:\/\/formalprision.com\/index.php?rest_route=%2Fwp%2Fv2%2Fcomments&post=7833"}],"version-history":[{"count":0,"href":"https:\/\/formalprision.com\/index.php?rest_route=\/wp\/v2\/posts\/7833\/revisions"}],"wp:featuredmedia":[{"embeddable":true,"href":"https:\/\/formalprision.com\/index.php?rest_route=\/wp\/v2\/media\/25715"}],"wp:attachment":[{"href":"https:\/\/formalprision.com\/index.php?rest_route=%2Fwp%2Fv2%2Fmedia&parent=7833"}],"wp:term":[{"taxonomy":"category","embeddable":true,"href":"https:\/\/formalprision.com\/index.php?rest_route=%2Fwp%2Fv2%2Fcategories&post=7833"},{"taxonomy":"post_tag","embeddable":true,"href":"https:\/\/formalprision.com\/index.php?rest_route=%2Fwp%2Fv2%2Ftags&post=7833"}],"curies":[{"name":"wp","href":"https:\/\/api.w.org\/{rel}","templated":true}]}}