{"id":7843,"date":"2011-09-19T18:44:00","date_gmt":"2011-09-19T18:44:00","guid":{"rendered":"http:\/\/formalprision.info\/2011\/09\/19\/confirman-autoridades-suicidio-de-la\/"},"modified":"2015-06-03T08:55:30","modified_gmt":"2015-06-03T08:55:30","slug":"confirman-autoridades-suicidio-de-la","status":"publish","type":"post","link":"https:\/\/formalprision.com\/?p=7843","title":{"rendered":"Confirman autoridades suicidio de la suplente del diputado pri\u00edsta Carlos Pav\u00f3n"},"content":{"rendered":"<p>Flor Jim\u00e9nez Guerrero, suplente del diputado local pri\u00edsta,Carlos <br \/>Pav\u00f3n Flores  fue hallada muerta ayer en su domicilio.<br \/>La joven, de 24 a\u00f1os de edad, se suicid\u00f3 por problemas familiares, <br \/>seg\u00fan las investigaciones del caso.<br \/>El dictamen del Semefo determin\u00f3 que la muerte fue por ahorcamiento.<br \/>Se inform\u00f3 que la joven se ahorc\u00f3 con un cintur\u00f3n enrrollado al <br \/>cuello.<br \/>Hasta el momento, la Fiscal\u00eda General del Estado no cierra el caso, <br \/>pero todas las evidencias confirman el suicidio,<br \/>La joven era tambi\u00e9n dirigente del Frente Juvenil Revolucionario.<br \/>El diputado pri\u00edsta Carlos Pav\u00f3n se mantiene herm\u00e9tico y ni siquiera <br \/>ha lamentado p\u00fablicamente la muerte de su compa\u00f1era de f\u00f3rmula<\/p>\n","protected":false},"excerpt":{"rendered":"<p>Flor Jim\u00e9nez Guerrero, suplente del diputado local pri\u00edsta,Carlos Pav\u00f3n Flores fue hallada muerta ayer en su domicilio.La joven, de 24 a\u00f1os de edad, se suicid\u00f3 por problemas familiares, seg\u00fan las<\/p>\n","protected":false},"author":1,"featured_media":0,"comment_status":"open","ping_status":"open","sticky":false,"template":"","format":"standard","meta":{"jetpack_post_was_ever_published":false,"_jetpack_newsletter_access":"","_jetpack_dont_email_post_to_subs":false,"_jetpack_newsletter_tier_id":0,"_jetpack_memberships_contains_paywalled_content":false,"_jetpack_memberships_contains_paid_content":false,"footnotes":"","jetpack_publicize_message":"","jetpack_publicize_feature_enabled":true,"jetpack_social_post_already_shared":false,"jetpack_social_options":{"image_generator_settings":{"template":"highway","default_image_id":0,"font":"","enabled":false},"version":2}},"categories":[44,3,1],"tags":[],"class_list":["post-7843","post","type-post","status-publish","format-standard","hentry","category-morgue","category-portada","category-sin-categoria"],"jetpack_publicize_connections":[],"jetpack_featured_media_url":"","jetpack_sharing_enabled":true,"jetpack_shortlink":"https:\/\/wp.me\/p6id8p-22v","_links":{"self":[{"href":"https:\/\/formalprision.com\/index.php?rest_route=\/wp\/v2\/posts\/7843","targetHints":{"allow":["GET"]}}],"collection":[{"href":"https:\/\/formalprision.com\/index.php?rest_route=\/wp\/v2\/posts"}],"about":[{"href":"https:\/\/formalprision.com\/index.php?rest_route=\/wp\/v2\/types\/post"}],"author":[{"embeddable":true,"href":"https:\/\/formalprision.com\/index.php?rest_route=\/wp\/v2\/users\/1"}],"replies":[{"embeddable":true,"href":"https:\/\/formalprision.com\/index.php?rest_route=%2Fwp%2Fv2%2Fcomments&post=7843"}],"version-history":[{"count":0,"href":"https:\/\/formalprision.com\/index.php?rest_route=\/wp\/v2\/posts\/7843\/revisions"}],"wp:attachment":[{"href":"https:\/\/formalprision.com\/index.php?rest_route=%2Fwp%2Fv2%2Fmedia&parent=7843"}],"wp:term":[{"taxonomy":"category","embeddable":true,"href":"https:\/\/formalprision.com\/index.php?rest_route=%2Fwp%2Fv2%2Fcategories&post=7843"},{"taxonomy":"post_tag","embeddable":true,"href":"https:\/\/formalprision.com\/index.php?rest_route=%2Fwp%2Fv2%2Ftags&post=7843"}],"curies":[{"name":"wp","href":"https:\/\/api.w.org\/{rel}","templated":true}]}}