{"id":7854,"date":"2011-09-16T03:35:00","date_gmt":"2011-09-16T03:35:00","guid":{"rendered":"http:\/\/formalprision.info\/2011\/09\/16\/hallan-muerto-vecino-de\/"},"modified":"2015-06-03T08:55:34","modified_gmt":"2015-06-03T08:55:34","slug":"hallan-muerto-vecino-de","status":"publish","type":"post","link":"https:\/\/formalprision.com\/?p=7854","title":{"rendered":"Hallan muerto a vecino del fraccionamiento Montejo; se investiga si fue homicidio"},"content":{"rendered":"<p><a href=\"http:\/\/2.bp.blogspot.com\/-DSyGgdG12KA\/TnLFEq6rQfI\/AAAAAAAAEOo\/1FWC4YOfVhM\/s1600\/aaaaescudo%2Bde%2Bla%2Bfiscalia.jpg\"><img decoding=\"async\" id=\"BLOGGER_PHOTO_ID_5652797166333936114\" style=\"FLOAT: left; MARGIN: 0px 10px 10px 0px; WIDTH: 320px; CURSOR: hand; HEIGHT: 318px\" alt=\"\" src=\"http:\/\/formalprision.com\/wp-content\/uploads\/2011\/09\/aaaaescudo-de-la-fiscalia3.jpg\" border=\"0\" \/><\/a><\/p>\n<div>El hallazgo del cad\u00e1ver de un hombre en interior de su domicilio en el Fraccionamiento Montejo moviliz\u00f3 a la polic\u00eda la noche de este jueves.<\/div>\n<p><\/p>\n<div>El cuerpo fue hallado dentro de su casa, detr\u00e1s del banco Banjercito, cerca del Paso Deprimido.<\/div>\n<p><\/p>\n<div>Hasta el momento no se ha determinado si se trata de una muerte naturral o un homicidio, aunque en el sitio estuvo personal de Criminal\u00edstica de la Fiscal\u00eda.<\/div>\n<p><\/p>\n<div>Seg\u00fan los datos recabados, el hallazgo fue hecho a las 8:45 de la noche, cuando familiares del occiso llegaron a visitarlo extra\u00f1ados porque no contestaba.<\/div>\n<p><\/p>\n<div>Por el momento no ha sido revelada la identidiad del occiso.<\/div>\n<div><\/div>\n","protected":false},"excerpt":{"rendered":"<p>El hallazgo del cad\u00e1ver de un hombre en interior de su domicilio en el Fraccionamiento Montejo moviliz\u00f3 a la polic\u00eda la noche de este jueves. El cuerpo fue hallado dentro<\/p>\n","protected":false},"author":1,"featured_media":25755,"comment_status":"open","ping_status":"open","sticky":false,"template":"","format":"standard","meta":{"jetpack_post_was_ever_published":false,"_jetpack_newsletter_access":"","_jetpack_dont_email_post_to_subs":false,"_jetpack_newsletter_tier_id":0,"_jetpack_memberships_contains_paywalled_content":false,"_jetpack_memberships_contains_paid_content":false,"footnotes":"","jetpack_publicize_message":"","jetpack_publicize_feature_enabled":true,"jetpack_social_post_already_shared":false,"jetpack_social_options":{"image_generator_settings":{"template":"highway","default_image_id":0,"font":"","enabled":false},"version":2}},"categories":[59,3,1],"tags":[],"class_list":["post-7854","post","type-post","status-publish","format-standard","has-post-thumbnail","hentry","category-asesinos","category-portada","category-sin-categoria"],"jetpack_publicize_connections":[],"jetpack_featured_media_url":"https:\/\/formalprision.com\/wp-content\/uploads\/2011\/09\/aaaaescudo-de-la-fiscalia3.jpg","jetpack_sharing_enabled":true,"jetpack_shortlink":"https:\/\/wp.me\/p6id8p-22G","_links":{"self":[{"href":"https:\/\/formalprision.com\/index.php?rest_route=\/wp\/v2\/posts\/7854","targetHints":{"allow":["GET"]}}],"collection":[{"href":"https:\/\/formalprision.com\/index.php?rest_route=\/wp\/v2\/posts"}],"about":[{"href":"https:\/\/formalprision.com\/index.php?rest_route=\/wp\/v2\/types\/post"}],"author":[{"embeddable":true,"href":"https:\/\/formalprision.com\/index.php?rest_route=\/wp\/v2\/users\/1"}],"replies":[{"embeddable":true,"href":"https:\/\/formalprision.com\/index.php?rest_route=%2Fwp%2Fv2%2Fcomments&post=7854"}],"version-history":[{"count":0,"href":"https:\/\/formalprision.com\/index.php?rest_route=\/wp\/v2\/posts\/7854\/revisions"}],"wp:featuredmedia":[{"embeddable":true,"href":"https:\/\/formalprision.com\/index.php?rest_route=\/wp\/v2\/media\/25755"}],"wp:attachment":[{"href":"https:\/\/formalprision.com\/index.php?rest_route=%2Fwp%2Fv2%2Fmedia&parent=7854"}],"wp:term":[{"taxonomy":"category","embeddable":true,"href":"https:\/\/formalprision.com\/index.php?rest_route=%2Fwp%2Fv2%2Fcategories&post=7854"},{"taxonomy":"post_tag","embeddable":true,"href":"https:\/\/formalprision.com\/index.php?rest_route=%2Fwp%2Fv2%2Ftags&post=7854"}],"curies":[{"name":"wp","href":"https:\/\/api.w.org\/{rel}","templated":true}]}}