{"id":7855,"date":"2011-09-16T00:31:00","date_gmt":"2011-09-16T00:31:00","guid":{"rendered":"http:\/\/formalprision.info\/2011\/09\/16\/la-ultima-clase-muere-profesor-en\/"},"modified":"2015-06-03T08:55:34","modified_gmt":"2015-06-03T08:55:34","slug":"la-ultima-clase-muere-profesor-en","status":"publish","type":"post","link":"https:\/\/formalprision.com\/?p=7855","title":{"rendered":"La \u00faltima clase: muere profesor en accidente tras asistir a un curso en M\u00e9rida"},"content":{"rendered":"<p><a href=\"http:\/\/2.bp.blogspot.com\/-5gHLLdEjoHc\/TnKbXw8q8GI\/AAAAAAAAEOg\/xbsWmPQFE7o\/s1600\/aaaayasemurioelmaestrodemotul.jpg\"><img decoding=\"async\" id=\"BLOGGER_PHOTO_ID_5652751314882064482\" style=\"FLOAT: left; MARGIN: 0px 10px 10px 0px; WIDTH: 320px; CURSOR: hand; HEIGHT: 225px\" alt=\"\" src=\"http:\/\/formalprision.com\/wp-content\/uploads\/2011\/09\/aaaayasemurioelmaestrodemotul.jpg\" border=\"0\" \/><\/a><\/p>\n<div>El Profesor. Domingo Cab, oriundo de Dzidzant\u00fan y de 37 a\u00f1os de edad, falleci\u00f3 este d\u00eda en un accidente de tr\u00e1nsito en el tramo carretero Cansacab-Motul, en el kilometro 45.<br \/>Se inform\u00f3 que el ahora occiso iba de regreso a Dzidzant\u00fan en un Derby placas YZH 9263 , conducido por, su t\u00edo t\u00edo V\u00edctor Gorocica, quien perdi\u00f3 el controld el volante y ocasion\u00f3 el percance mortal.<\/div>\n<p><\/p>\n<div>El chofer dijo o haber tomado dos cervezas luego de un un curso para maestros en la blanca M\u00e9rida,<\/div>\n<p><\/p>\n<div>Minutos despu\u00e9s, hubo otro el otro accidente , a unos dos kilometros del lugar, a la altura del entronque a San Pedro Chacabal.<br \/>En ese lugar, el cavalier ZAD 4500 se sali\u00f3 unos 70 metros de la cinta asf\u00e1ltica, al dormitar el conductor de nombre Didier Turriza, originario de Tizim\u00edn<\/div>\n","protected":false},"excerpt":{"rendered":"<p>El Profesor. Domingo Cab, oriundo de Dzidzant\u00fan y de 37 a\u00f1os de edad, falleci\u00f3 este d\u00eda en un accidente de tr\u00e1nsito en el tramo carretero Cansacab-Motul, en el kilometro 45.Se<\/p>\n","protected":false},"author":1,"featured_media":25757,"comment_status":"open","ping_status":"open","sticky":false,"template":"","format":"standard","meta":{"jetpack_post_was_ever_published":false,"_jetpack_newsletter_access":"","_jetpack_dont_email_post_to_subs":false,"_jetpack_newsletter_tier_id":0,"_jetpack_memberships_contains_paywalled_content":false,"_jetpack_memberships_contains_paid_content":false,"footnotes":"","jetpack_publicize_message":"","jetpack_publicize_feature_enabled":true,"jetpack_social_post_already_shared":false,"jetpack_social_options":{"image_generator_settings":{"template":"highway","default_image_id":0,"font":"","enabled":false},"version":2}},"categories":[44,3,1],"tags":[],"class_list":["post-7855","post","type-post","status-publish","format-standard","has-post-thumbnail","hentry","category-morgue","category-portada","category-sin-categoria"],"jetpack_publicize_connections":[],"jetpack_featured_media_url":"https:\/\/formalprision.com\/wp-content\/uploads\/2011\/09\/aaaayasemurioelmaestrodemotul.jpg","jetpack_sharing_enabled":true,"jetpack_shortlink":"https:\/\/wp.me\/p6id8p-22H","_links":{"self":[{"href":"https:\/\/formalprision.com\/index.php?rest_route=\/wp\/v2\/posts\/7855","targetHints":{"allow":["GET"]}}],"collection":[{"href":"https:\/\/formalprision.com\/index.php?rest_route=\/wp\/v2\/posts"}],"about":[{"href":"https:\/\/formalprision.com\/index.php?rest_route=\/wp\/v2\/types\/post"}],"author":[{"embeddable":true,"href":"https:\/\/formalprision.com\/index.php?rest_route=\/wp\/v2\/users\/1"}],"replies":[{"embeddable":true,"href":"https:\/\/formalprision.com\/index.php?rest_route=%2Fwp%2Fv2%2Fcomments&post=7855"}],"version-history":[{"count":0,"href":"https:\/\/formalprision.com\/index.php?rest_route=\/wp\/v2\/posts\/7855\/revisions"}],"wp:featuredmedia":[{"embeddable":true,"href":"https:\/\/formalprision.com\/index.php?rest_route=\/wp\/v2\/media\/25757"}],"wp:attachment":[{"href":"https:\/\/formalprision.com\/index.php?rest_route=%2Fwp%2Fv2%2Fmedia&parent=7855"}],"wp:term":[{"taxonomy":"category","embeddable":true,"href":"https:\/\/formalprision.com\/index.php?rest_route=%2Fwp%2Fv2%2Fcategories&post=7855"},{"taxonomy":"post_tag","embeddable":true,"href":"https:\/\/formalprision.com\/index.php?rest_route=%2Fwp%2Fv2%2Ftags&post=7855"}],"curies":[{"name":"wp","href":"https:\/\/api.w.org\/{rel}","templated":true}]}}