{"id":7871,"date":"2011-09-12T17:29:00","date_gmt":"2011-09-12T17:29:00","guid":{"rendered":"http:\/\/formalprision.info\/2011\/09\/12\/detenido-por-rayarle-la-cara-su\/"},"modified":"2015-06-03T08:55:38","modified_gmt":"2015-06-03T08:55:38","slug":"detenido-por-rayarle-la-cara-su","status":"publish","type":"post","link":"https:\/\/formalprision.com\/?p=7871","title":{"rendered":"Detenido por rayarle la cara a su oponente con una navaja"},"content":{"rendered":"<p><a href=\"http:\/\/2.bp.blogspot.com\/-kRU-WHrvPeE\/Tm2n-O0ehRI\/AAAAAAAAEMQ\/p3hqwTeA7j8\/s1600\/agresor%2Bcon%2Barma%2Bblanca.jpg\" onblur=\"try {parent.deselectBloggerImageGracefully();} catch(e) {}\"><img decoding=\"async\" style=\"margin: 0pt 10px 10px 0pt; float: left; cursor: pointer; width: 320px; height: 282px;\" src=\"http:\/\/formalprision.com\/wp-content\/uploads\/2011\/09\/agresor-con-arma-blanca.jpg\" alt=\"\" id=\"BLOGGER_PHOTO_ID_5651357794991768850\" border=\"0\" \/><\/a><br \/>Agentes de la Polic\u00eda de Progreso detuvieron a un sujeto que le ray\u00f3 la cara con un cuchillo al novio de su amiga.<br \/>Los hechos ocurrieron la noche del s\u00e1bado  cuando en la central polic\u00edaca   recibieron un llamado de auxilio que indicaba que  en la calle 78 x 35 y 33 de Progreso una persona hab\u00eda sido lesionada con arma blanca.   Al llegar al lugar, los agentes se entrevistaron con. GABRIELA FIGUEROA de 32 a\u00f1os de edad, quien manifest\u00f3 que momentos antes un sujeto Hab\u00eda lesionado en el rostro, con una navaja  a su pareja de nombre JOS\u00c9 LORIA VERDE, de 54 a\u00f1os de edad.Al realizar un operativo de b\u00fasqueda se ubica al presunto agresor en la calle 80 x 23 y dice  llamarse JOS\u00c9 MANUEL P\u00c9REZ MART\u00cdNEZ de  21 a\u00f1os de edad, a quien se le encontr\u00f3 entres sus ropas una navaja.   Fue esposado y enviado al Ministerio P\u00fablico.<br \/><b style=\"\"><u> <\/u><\/b><\/p>\n","protected":false},"excerpt":{"rendered":"<p>Agentes de la Polic\u00eda de Progreso detuvieron a un sujeto que le ray\u00f3 la cara con un cuchillo al novio de su amiga.Los hechos ocurrieron la noche del s\u00e1bado cuando<\/p>\n","protected":false},"author":1,"featured_media":25786,"comment_status":"open","ping_status":"open","sticky":false,"template":"","format":"standard","meta":{"jetpack_post_was_ever_published":false,"_jetpack_newsletter_access":"","_jetpack_dont_email_post_to_subs":false,"_jetpack_newsletter_tier_id":0,"_jetpack_memberships_contains_paywalled_content":false,"_jetpack_memberships_contains_paid_content":false,"footnotes":"","jetpack_publicize_message":"","jetpack_publicize_feature_enabled":true,"jetpack_social_post_already_shared":false,"jetpack_social_options":{"image_generator_settings":{"template":"highway","default_image_id":0,"font":"","enabled":false},"version":2}},"categories":[50,3,1,53],"tags":[],"class_list":["post-7871","post","type-post","status-publish","format-standard","has-post-thumbnail","hentry","category-machines","category-portada","category-sin-categoria","category-yo-no-fui"],"jetpack_publicize_connections":[],"jetpack_featured_media_url":"https:\/\/formalprision.com\/wp-content\/uploads\/2011\/09\/agresor-con-arma-blanca.jpg","jetpack_sharing_enabled":true,"jetpack_shortlink":"https:\/\/wp.me\/p6id8p-22X","_links":{"self":[{"href":"https:\/\/formalprision.com\/index.php?rest_route=\/wp\/v2\/posts\/7871","targetHints":{"allow":["GET"]}}],"collection":[{"href":"https:\/\/formalprision.com\/index.php?rest_route=\/wp\/v2\/posts"}],"about":[{"href":"https:\/\/formalprision.com\/index.php?rest_route=\/wp\/v2\/types\/post"}],"author":[{"embeddable":true,"href":"https:\/\/formalprision.com\/index.php?rest_route=\/wp\/v2\/users\/1"}],"replies":[{"embeddable":true,"href":"https:\/\/formalprision.com\/index.php?rest_route=%2Fwp%2Fv2%2Fcomments&post=7871"}],"version-history":[{"count":0,"href":"https:\/\/formalprision.com\/index.php?rest_route=\/wp\/v2\/posts\/7871\/revisions"}],"wp:featuredmedia":[{"embeddable":true,"href":"https:\/\/formalprision.com\/index.php?rest_route=\/wp\/v2\/media\/25786"}],"wp:attachment":[{"href":"https:\/\/formalprision.com\/index.php?rest_route=%2Fwp%2Fv2%2Fmedia&parent=7871"}],"wp:term":[{"taxonomy":"category","embeddable":true,"href":"https:\/\/formalprision.com\/index.php?rest_route=%2Fwp%2Fv2%2Fcategories&post=7871"},{"taxonomy":"post_tag","embeddable":true,"href":"https:\/\/formalprision.com\/index.php?rest_route=%2Fwp%2Fv2%2Ftags&post=7871"}],"curies":[{"name":"wp","href":"https:\/\/api.w.org\/{rel}","templated":true}]}}