{"id":78724,"date":"2020-06-04T23:21:04","date_gmt":"2020-06-05T04:21:04","guid":{"rendered":"http:\/\/formalprision.com\/?p=78724"},"modified":"2020-06-04T23:21:06","modified_gmt":"2020-06-05T04:21:06","slug":"evacuan-y-trasladan-a-un-refugio-temporal-a-gente-de-tekax-y-tzucacab","status":"publish","type":"post","link":"https:\/\/formalprision.com\/?p=78724","title":{"rendered":"Evac\u00faan y trasladan a un refugio temporal a gente de Tekax y Tzucacab"},"content":{"rendered":"\n<p>M\u00e9rida, Yucat\u00e1n, 4 de junio de 2020.- Ante los efectos de la depresi\u00f3n tropical \u201cCrist\u00f3bal\u201d y su trayectoria hacia Yucat\u00e1n, se despleg\u00f3 un operativo coordinado para evacuar a m\u00e1s de 400 personas que se viven en zonas de riesgo de los municipios de Tekax y Tzucacab, quienes fueron trasladados a refugios temporales seguros para proteger su integridad.<\/p>\n\n\n\n<p>Por disposici\u00f3n del gobernador Mauricio Vila, familias del Cono Sur del estado fueron reubicadas por brigadas de la Coordinaci\u00f3n Estatal de Protecci\u00f3n Civil (Procivy) y de las Fuerzas Armadas, en albergues temporales para salvaguardar su vida y la de sus familiares ante la presencia de fuertes lluvias que se contin\u00faan registrando en el estado a causa de este fen\u00f3meno hidrometeorol\u00f3gico.<\/p>\n\n\n\n<p>Como parte del operativo que realiza el Gobierno del Estado de forma preventiva, personal de Procivy acudi\u00f3 hasta los domicilios m\u00e1s vulnerables para invitar a sus habitantes de estos municipios al sur del territorio estatal a trasladarse a un lugar m\u00e1s seguro, ya que se prev\u00e9n grandes afectaciones en las viviendas, debido al paso de este sistema.<\/p>\n\n\n\n<p>Las personas reubicadas fueron llevadas a los albergues habilitados en la Universidad Tecnol\u00f3gica Regional del Sur en camiones dispuestos para cumplir con esta labor. Los pobladores que se encontraban en las zonas m\u00e1s alejadas y dif\u00edciles de acceder fueron rescatados por elementos del Ej\u00e9rcito.<\/p>\n\n\n\n<p>Cabe destacar que, los albergues temporales cuentan con todas las medidas de seguridad y funcionan de acuerdo a las disposiciones sanitarias dadas por la Secretar\u00eda de Salud del estado (SSY) para evitar contagios de Coronavirus.<\/p>\n\n\n\n<p>Adem\u00e1s, han sido dotados de raciones de alimento para los que ah\u00ed se resguardan y el personal encargado, as\u00ed como de colchonetas y cobertores, los cuales se encuentran ubicados a una sana para proteger la salud de todos.<\/p>\n","protected":false},"excerpt":{"rendered":"<p>M\u00e9rida, Yucat\u00e1n, 4 de junio de 2020.- Ante los efectos de la depresi\u00f3n tropical \u201cCrist\u00f3bal\u201d y su trayectoria hacia Yucat\u00e1n, se despleg\u00f3 un operativo coordinado para evacuar a m\u00e1s de<\/p>\n","protected":false},"author":1,"featured_media":78725,"comment_status":"open","ping_status":"open","sticky":false,"template":"","format":"standard","meta":{"jetpack_post_was_ever_published":false,"_jetpack_newsletter_access":"","_jetpack_dont_email_post_to_subs":false,"_jetpack_newsletter_tier_id":0,"_jetpack_memberships_contains_paywalled_content":false,"_jetpack_memberships_contains_paid_content":false,"footnotes":"","jetpack_publicize_message":"","jetpack_publicize_feature_enabled":true,"jetpack_social_post_already_shared":true,"jetpack_social_options":{"image_generator_settings":{"template":"highway","default_image_id":0,"font":"","enabled":false},"version":2}},"categories":[17],"tags":[],"class_list":["post-78724","post","type-post","status-publish","format-standard","has-post-thumbnail","hentry","category-politica-y-gobierno"],"jetpack_publicize_connections":[],"jetpack_featured_media_url":"https:\/\/formalprision.com\/wp-content\/uploads\/2020\/06\/7F4C44EE-9B41-45CA-A3A0-9C05B6DDB254.jpeg","jetpack_sharing_enabled":true,"jetpack_shortlink":"https:\/\/wp.me\/p6id8p-ktK","_links":{"self":[{"href":"https:\/\/formalprision.com\/index.php?rest_route=\/wp\/v2\/posts\/78724","targetHints":{"allow":["GET"]}}],"collection":[{"href":"https:\/\/formalprision.com\/index.php?rest_route=\/wp\/v2\/posts"}],"about":[{"href":"https:\/\/formalprision.com\/index.php?rest_route=\/wp\/v2\/types\/post"}],"author":[{"embeddable":true,"href":"https:\/\/formalprision.com\/index.php?rest_route=\/wp\/v2\/users\/1"}],"replies":[{"embeddable":true,"href":"https:\/\/formalprision.com\/index.php?rest_route=%2Fwp%2Fv2%2Fcomments&post=78724"}],"version-history":[{"count":0,"href":"https:\/\/formalprision.com\/index.php?rest_route=\/wp\/v2\/posts\/78724\/revisions"}],"wp:featuredmedia":[{"embeddable":true,"href":"https:\/\/formalprision.com\/index.php?rest_route=\/wp\/v2\/media\/78725"}],"wp:attachment":[{"href":"https:\/\/formalprision.com\/index.php?rest_route=%2Fwp%2Fv2%2Fmedia&parent=78724"}],"wp:term":[{"taxonomy":"category","embeddable":true,"href":"https:\/\/formalprision.com\/index.php?rest_route=%2Fwp%2Fv2%2Fcategories&post=78724"},{"taxonomy":"post_tag","embeddable":true,"href":"https:\/\/formalprision.com\/index.php?rest_route=%2Fwp%2Fv2%2Ftags&post=78724"}],"curies":[{"name":"wp","href":"https:\/\/api.w.org\/{rel}","templated":true}]}}