{"id":78734,"date":"2020-06-05T18:47:30","date_gmt":"2020-06-05T23:47:30","guid":{"rendered":"http:\/\/formalprision.com\/?p=78734"},"modified":"2020-06-05T18:47:32","modified_gmt":"2020-06-05T23:47:32","slug":"el-ayuntamiento-de-merida-abre-tres-centros-de-acopio-y-3-refugios-mas","status":"publish","type":"post","link":"https:\/\/formalprision.com\/?p=78734","title":{"rendered":"El Ayuntamiento de M\u00e9rida abre tres centros de acopio y 3 refugios m\u00e1s"},"content":{"rendered":"\n<p>M\u00e9rida, 5 de junio de 2020. Ante la situaci\u00f3n de emergencia que enfrentan decenas de familias a causa de las intensas lluvias derivadas de \u201cCrist\u00f3bal\u201d, el Ayuntamiento instal\u00f3 tres centros de acopio de v\u00edveres para distribuir entre la poblaci\u00f3n m\u00e1s vulnerable y habilit\u00f3 tres refugios temporales m\u00e1s para quienes no pueden permanecer en sus hogares por los da\u00f1os sufridos.<\/p>\n\n\n\n<p>El alcalde Ren\u00e1n Barrera Concha hizo un llamado a la poblaci\u00f3n para que se solidarice con la situaci\u00f3n y entreguen sus donativos en los centros de acopio, ya que todo lo recaudado se donar\u00e1 a las familias damnificadas por las lluvias. Estos centros se abren a partir de este s\u00e1bado 6 de junio.<\/p>\n\n\n\n<p>\u2014Las y los meridanos nos distinguimos por no quedarnos de brazos cruzados y eso es lo que nos ha permitido ponernos de pie ante las adversidades que se han presentado en el municipio, definitivamente todos podemos contribuir para apoyar a quienes se vieron gravemente afectados por este fen\u00f3meno climatol\u00f3gico\u2014expres\u00f3.<\/p>\n\n\n\n<p>Barrera Concha inform\u00f3 que los tres centros de acopio municipales se encuentran en la Universidad Privada de la Pen\u00ednsula (UPP), ubicada en la avenida Jacinto Canek No. 739, Paseo de las Fuentes; en la oficina de la Direcci\u00f3n de Desarrollo Econ\u00f3mico, ubicada en la calle 59 Centro, frente al Parque de la Mejorada y en el Centro Cultural Olimpo, en la calle 62 con 61, centro.<\/p>\n\n\n\n<p>El horario para la recepci\u00f3n de los v\u00edveres es de lunes a viernes de 9 a 17 horas y, los s\u00e1bados y domingos de 9 a 15 horas.<\/p>\n\n\n\n<p>\u2014Hay que recordar que seguimos en contingencia del Covid-19, por lo que las personas que acudan a llevar donativos tienen que acatar las disposiciones sanitarias como el uso de cubrebocas, el respeto de la sana distancia y acudir s\u00f3lo una persona por familia \u2014dijo.<\/p>\n\n\n\n<p>Por nuestra parte, abund\u00f3, el personal encargado de los centros de acopio cuenta con todos los implementos necesarios y recomendados para salvaguardar la salud de quienes acudan a donar.<\/p>\n\n\n\n<p>Dentro de las necesidades m\u00e1s apremiantes se encuentran: ropa en general, calzado, impermeables, cobertores, productos enlatados, frijol, arroz, sopa de pasta, aceite, at\u00fan, leche en polvo, papel higi\u00e9nico, jab\u00f3n, toallas sanitarias, pa\u00f1ales, cepillos y pasta dental.<\/p>\n\n\n\n<p>Cabe mencionar que adem\u00e1s de estos tres centros de acopio municipales, la plataforma \u201cM\u00e9rida nos Une\u201d se ha sumado para ayudar a los m\u00e1s afectados por las lluvias a trav\u00e9s de distintos canales como son:<\/p>\n\n\n\n<p>\u201cAyuda a las que siempre nos ayudan\u201d donde los ciudadanos pueden depositar desde casa a trav\u00e9s de la plataforma Moneypool: https:\/\/www.moneypool.mx\/p\/EepiM1Y.<\/p>\n\n\n\n<p>\u201cCocineros Unidos Yucat\u00e1n\u201d llevando tu donativo en especie a los centros de acopio: Cuisine G (calle 46 #370-7 por 47 y, Av. C\u00e1mara de Comercio, Benito Ju\u00e1rez Norte) y La Nostra Cucina (calle 29 #377 x 32 y 34 col, Emiliano Zapata Norte).<\/p>\n\n\n\n<p>Y \u201cApoyo Mutuo M\u00e9rida\u201d que permite llevar tu donativo en especie a los m\u00faltiples centros de acopio ubicados en todo M\u00e9rida, siendo voluntario o donando a trav\u00e9s de su p\u00e1gina web: www.apoyomutuomerida.ong.mx<br>El \u201cCentro de Acopio An\u00e1huac Mayab\u201d ubicado en el Club Cumbres (calle 5 N\u00famero 127 por 6 y 18, Fraccionamiento Montecristo) de 9 a 19 horas y a trav\u00e9s de la p\u00e1gina anahuacmayab.mx\/dona donde los ciudadanos pueden donar monetariamente para la compra de despensas y material m\u00e9dico.<\/p>\n\n\n\n<p>Refugios temporales<\/p>\n\n\n\n<p>Asimismo, el Alcalde subray\u00f3 que tambi\u00e9n se han activado tres refugios temporales m\u00e1s, haciendo un total de 7 ya listos, para resguardar a la poblaci\u00f3n que se encuentra en zonas de riesgo.<\/p>\n\n\n\n<p>Los albergues se habilitaron en los Centros de Desarrollo Integral Sara Mena, San Jos\u00e9 Tzal y Nora Quintana.<\/p>\n\n\n\n<p>En esos tres lugares ya se est\u00e1 recibiendo a las familias damnificadas, y en todos los casos se han tomado estrictas medidas sanitarias para evitar posibles contagios de Covid-19.<\/p>\n\n\n\n<p>Estos refugios temporales se suman a los de San Jos\u00e9 Tecoh, Emiliano Zapata Sur y las comisar\u00edas de Komch\u00e9n y Chablekal, que desde el mi\u00e9rcoles pasado ya est\u00e1n abiertos para recibir a quien lo necesite. En todos los casos, adem\u00e1s de un techo seguro y buenas condiciones sanitarias, los damnificados reciben alimentos y atenci\u00f3n m\u00e9dica.<\/p>\n\n\n\n<p>Los profesionales del programa M\u00e9dico a Domicilio acuden a los albergues a practicar revisiones a las familias que llegan para descartar cualquier complicaci\u00f3n de saludo o, en su caso, brindarle la atenci\u00f3n necesaria.<\/p>\n\n\n\n<p>\u2014Estamos viviendo una situaci\u00f3n in\u00e9dita en el municipio, porque debemos atender una contingencia dentro de otra contingencia, pero estamos seguros que con la participaci\u00f3n y la solidaridad de todos saldremos adelante \u2014expres\u00f3 Barrera Concha.<\/p>\n\n\n\n<p>Reiter\u00f3 que el Ayuntamiento no parar\u00e1 en la b\u00fasqueda de m\u00e1s y mejores estrategias para ofrecer la atenci\u00f3n que requiere en estos momentos la poblaci\u00f3n, especialmente la que vive en condiciones de vulnerabilidad. (Comunicado de Prensa)<\/p>\n\n\n\n<p>&#8212;<\/p>\n","protected":false},"excerpt":{"rendered":"<p>M\u00e9rida, 5 de junio de 2020. Ante la situaci\u00f3n de emergencia que enfrentan decenas de familias a causa de las intensas lluvias derivadas de \u201cCrist\u00f3bal\u201d, el Ayuntamiento instal\u00f3 tres centros<\/p>\n","protected":false},"author":1,"featured_media":78735,"comment_status":"open","ping_status":"open","sticky":false,"template":"","format":"standard","meta":{"jetpack_post_was_ever_published":false,"_jetpack_newsletter_access":"","_jetpack_dont_email_post_to_subs":false,"_jetpack_newsletter_tier_id":0,"_jetpack_memberships_contains_paywalled_content":false,"_jetpack_memberships_contains_paid_content":false,"footnotes":"","jetpack_publicize_message":"","jetpack_publicize_feature_enabled":true,"jetpack_social_post_already_shared":true,"jetpack_social_options":{"image_generator_settings":{"template":"highway","default_image_id":0,"font":"","enabled":false},"version":2}},"categories":[14],"tags":[],"class_list":["post-78734","post","type-post","status-publish","format-standard","has-post-thumbnail","hentry","category-merida"],"jetpack_publicize_connections":[],"jetpack_featured_media_url":"https:\/\/formalprision.com\/wp-content\/uploads\/2020\/06\/84C3F7E9-0998-4A68-B173-CDEAC666A596.jpeg","jetpack_sharing_enabled":true,"jetpack_shortlink":"https:\/\/wp.me\/p6id8p-ktU","_links":{"self":[{"href":"https:\/\/formalprision.com\/index.php?rest_route=\/wp\/v2\/posts\/78734","targetHints":{"allow":["GET"]}}],"collection":[{"href":"https:\/\/formalprision.com\/index.php?rest_route=\/wp\/v2\/posts"}],"about":[{"href":"https:\/\/formalprision.com\/index.php?rest_route=\/wp\/v2\/types\/post"}],"author":[{"embeddable":true,"href":"https:\/\/formalprision.com\/index.php?rest_route=\/wp\/v2\/users\/1"}],"replies":[{"embeddable":true,"href":"https:\/\/formalprision.com\/index.php?rest_route=%2Fwp%2Fv2%2Fcomments&post=78734"}],"version-history":[{"count":0,"href":"https:\/\/formalprision.com\/index.php?rest_route=\/wp\/v2\/posts\/78734\/revisions"}],"wp:featuredmedia":[{"embeddable":true,"href":"https:\/\/formalprision.com\/index.php?rest_route=\/wp\/v2\/media\/78735"}],"wp:attachment":[{"href":"https:\/\/formalprision.com\/index.php?rest_route=%2Fwp%2Fv2%2Fmedia&parent=78734"}],"wp:term":[{"taxonomy":"category","embeddable":true,"href":"https:\/\/formalprision.com\/index.php?rest_route=%2Fwp%2Fv2%2Fcategories&post=78734"},{"taxonomy":"post_tag","embeddable":true,"href":"https:\/\/formalprision.com\/index.php?rest_route=%2Fwp%2Fv2%2Ftags&post=78734"}],"curies":[{"name":"wp","href":"https:\/\/api.w.org\/{rel}","templated":true}]}}