{"id":7880,"date":"2011-09-09T17:15:00","date_gmt":"2011-09-09T17:15:00","guid":{"rendered":"http:\/\/formalprision.info\/2011\/09\/09\/se-hace-una-herida-de-18-centimetros-en\/"},"modified":"2015-06-03T08:55:39","modified_gmt":"2015-06-03T08:55:39","slug":"se-hace-una-herida-de-18-centimetros-en","status":"publish","type":"post","link":"https:\/\/formalprision.com\/?p=7880","title":{"rendered":"Se hace una herida de 18 cent\u00edmetros en la cabeza mientras cortaba maleza"},"content":{"rendered":"<p><a href=\"http:\/\/4.bp.blogspot.com\/-qdQ_u8Ld-0o\/TmcbhnUkPyI\/AAAAAAAAEK4\/m_Td_fg_-xM\/s1600\/aaaaescudo%2Bde%2Bla%2Bfiscalia.jpg\"><img decoding=\"async\" id=\"BLOGGER_PHOTO_ID_5649514521864453922\" style=\"FLOAT: left; MARGIN: 0px 10px 10px 0px; WIDTH: 320px; CURSOR: hand; HEIGHT: 318px\" alt=\"\" src=\"http:\/\/formalprision.com\/wp-content\/uploads\/2011\/09\/aaaaescudo-de-la-fiscalia6.jpg\" border=\"0\" \/><\/a><\/p>\n<div>Tremenda herida de 18 cent\u00edmetros en la cabeza se hizo un vecino de Tizim\u00edn al atorarse el machete con el que trabajaba.<\/div>\n<p><\/p>\n<div>ROGELIO MARTIN CHEL de 47 a\u00f1os de edad y vecino de la calle 51 s\/n entre 50 y 52 de la poblaci\u00f3n de Popolnah-Nachicocom, Ejido de Tizimin, termin\u00f3 en el Hospital San Carlos, de la cabecera municipal.<\/div>\n<p><\/p>\n<div>El mismo manifest\u00f3 que a las 11:00 hrs. de ayer, cuando se encontraba cortando maleza, se le oro el machete en una rama y al jalarlo se corto con a la altura de la nuca.<\/div>\n<p><\/p>\n<div>Su sobrino lo auxili\u00f3 y pidi\u00f3 ayuda para llevarlo a un hospital.<\/div>\n<p><\/p>\n<div>Presenta herida de aprox. 18 cms en la parte trasera de la cabeza, abarcando nuca, oreja y parte del cuello.<\/div>\n<p><\/p>\n<div><\/div>\n","protected":false},"excerpt":{"rendered":"<p>Tremenda herida de 18 cent\u00edmetros en la cabeza se hizo un vecino de Tizim\u00edn al atorarse el machete con el que trabajaba. ROGELIO MARTIN CHEL de 47 a\u00f1os de edad<\/p>\n","protected":false},"author":1,"featured_media":25802,"comment_status":"open","ping_status":"open","sticky":false,"template":"","format":"standard","meta":{"jetpack_post_was_ever_published":false,"_jetpack_newsletter_access":"","_jetpack_dont_email_post_to_subs":false,"_jetpack_newsletter_tier_id":0,"_jetpack_memberships_contains_paywalled_content":false,"_jetpack_memberships_contains_paid_content":false,"footnotes":"","jetpack_publicize_message":"","jetpack_publicize_feature_enabled":true,"jetpack_social_post_already_shared":false,"jetpack_social_options":{"image_generator_settings":{"template":"highway","default_image_id":0,"font":"","enabled":false},"version":2}},"categories":[50,3,1,53],"tags":[],"class_list":["post-7880","post","type-post","status-publish","format-standard","has-post-thumbnail","hentry","category-machines","category-portada","category-sin-categoria","category-yo-no-fui"],"jetpack_publicize_connections":[],"jetpack_featured_media_url":"https:\/\/formalprision.com\/wp-content\/uploads\/2011\/09\/aaaaescudo-de-la-fiscalia6.jpg","jetpack_sharing_enabled":true,"jetpack_shortlink":"https:\/\/wp.me\/p6id8p-236","_links":{"self":[{"href":"https:\/\/formalprision.com\/index.php?rest_route=\/wp\/v2\/posts\/7880","targetHints":{"allow":["GET"]}}],"collection":[{"href":"https:\/\/formalprision.com\/index.php?rest_route=\/wp\/v2\/posts"}],"about":[{"href":"https:\/\/formalprision.com\/index.php?rest_route=\/wp\/v2\/types\/post"}],"author":[{"embeddable":true,"href":"https:\/\/formalprision.com\/index.php?rest_route=\/wp\/v2\/users\/1"}],"replies":[{"embeddable":true,"href":"https:\/\/formalprision.com\/index.php?rest_route=%2Fwp%2Fv2%2Fcomments&post=7880"}],"version-history":[{"count":0,"href":"https:\/\/formalprision.com\/index.php?rest_route=\/wp\/v2\/posts\/7880\/revisions"}],"wp:featuredmedia":[{"embeddable":true,"href":"https:\/\/formalprision.com\/index.php?rest_route=\/wp\/v2\/media\/25802"}],"wp:attachment":[{"href":"https:\/\/formalprision.com\/index.php?rest_route=%2Fwp%2Fv2%2Fmedia&parent=7880"}],"wp:term":[{"taxonomy":"category","embeddable":true,"href":"https:\/\/formalprision.com\/index.php?rest_route=%2Fwp%2Fv2%2Fcategories&post=7880"},{"taxonomy":"post_tag","embeddable":true,"href":"https:\/\/formalprision.com\/index.php?rest_route=%2Fwp%2Fv2%2Ftags&post=7880"}],"curies":[{"name":"wp","href":"https:\/\/api.w.org\/{rel}","templated":true}]}}