{"id":7889,"date":"2011-09-06T19:33:00","date_gmt":"2011-09-06T19:33:00","guid":{"rendered":"http:\/\/formalprision.info\/2011\/09\/06\/policias-detienen-un-asaltante-pero-se\/"},"modified":"2015-06-03T08:55:41","modified_gmt":"2015-06-03T08:55:41","slug":"policias-detienen-un-asaltante-pero-se","status":"publish","type":"post","link":"https:\/\/formalprision.com\/?p=7889","title":{"rendered":"Polic\u00edas detienen a un asaltante, pero se les pela el bueno"},"content":{"rendered":"<p><a href=\"http:\/\/2.bp.blogspot.com\/-vyy8W9OLz0k\/TmW_xN6ShTI\/AAAAAAAAEJw\/_yhE3PbWD6w\/s1600\/aaavaafallar.bmp\"><img decoding=\"async\" id=\"BLOGGER_PHOTO_ID_5649132159874794802\" style=\"FLOAT: left; MARGIN: 0px 10px 10px 0px; WIDTH: 320px; CURSOR: hand; HEIGHT: 240px\" alt=\"\" src=\"http:\/\/2.bp.blogspot.com\/-vyy8W9OLz0k\/TmW_xN6ShTI\/AAAAAAAAEJw\/_yhE3PbWD6w\/s320\/aaavaafallar.bmp\" border=\"0\" \/><\/a><\/p>\n<div>Elementos de la Polic\u00eda municipal de Progreso detuvieron a un sujeto por cometer un asalto a mano armada.<\/div>\n<p><\/p>\n<div>Los hechos ocurrieron cuando elementos de la polic\u00eda municipal recibieron un llamado de auxilio de FRANCISCO VARGAS VAZQUEZ, quien manifest\u00f3 que momentos antes 2 sujetos lo hab\u00eda asaltado con un arma blanca (navaja).<\/div>\n<p><\/p>\n<div>El quejosos manifest\u00f3 que los sujetos le hab\u00edan robado una maleta con ropa, un celular Nokia, una c\u00e1mara marca Canon y una cartera con aproximadamente 3000 pesos en efectivo, documentos y tarjetas bancarias.<br \/>Al recibir la descripci\u00f3n de los sujetos los elementos implementaron un operativo de b\u00fasqueda logrando ubicar al primero sospechoso quien coincid\u00eda con la descripci\u00f3n recibida, mismo que el quejoso identifico plenamente.<\/div>\n<p><\/p>\n<div>El detenido dijo llamarse JUAN PABLO GARC\u00cdA HERN\u00c1NDEZ alias el pool, de 26 a\u00f1os de edad quien al ser revisado se le encontr\u00f3 entre sus ropas una navaja.<br \/>Al otro sujeto no se le encontr\u00f3, por lo que se supone es el que se llev\u00f3 la maleta con todas las cosas<\/div>\n","protected":false},"excerpt":{"rendered":"<p>Elementos de la Polic\u00eda municipal de Progreso detuvieron a un sujeto por cometer un asalto a mano armada. Los hechos ocurrieron cuando elementos de la polic\u00eda municipal recibieron un llamado<\/p>\n","protected":false},"author":1,"featured_media":0,"comment_status":"open","ping_status":"open","sticky":false,"template":"","format":"standard","meta":{"jetpack_post_was_ever_published":false,"_jetpack_newsletter_access":"","_jetpack_dont_email_post_to_subs":false,"_jetpack_newsletter_tier_id":0,"_jetpack_memberships_contains_paywalled_content":false,"_jetpack_memberships_contains_paid_content":false,"footnotes":"","jetpack_publicize_message":"","jetpack_publicize_feature_enabled":true,"jetpack_social_post_already_shared":false,"jetpack_social_options":{"image_generator_settings":{"template":"highway","default_image_id":0,"font":"","enabled":false},"version":2}},"categories":[3,57,1],"tags":[],"class_list":["post-7889","post","type-post","status-publish","format-standard","hentry","category-portada","category-ratas","category-sin-categoria"],"jetpack_publicize_connections":[],"jetpack_featured_media_url":"","jetpack_sharing_enabled":true,"jetpack_shortlink":"https:\/\/wp.me\/p6id8p-23f","_links":{"self":[{"href":"https:\/\/formalprision.com\/index.php?rest_route=\/wp\/v2\/posts\/7889","targetHints":{"allow":["GET"]}}],"collection":[{"href":"https:\/\/formalprision.com\/index.php?rest_route=\/wp\/v2\/posts"}],"about":[{"href":"https:\/\/formalprision.com\/index.php?rest_route=\/wp\/v2\/types\/post"}],"author":[{"embeddable":true,"href":"https:\/\/formalprision.com\/index.php?rest_route=\/wp\/v2\/users\/1"}],"replies":[{"embeddable":true,"href":"https:\/\/formalprision.com\/index.php?rest_route=%2Fwp%2Fv2%2Fcomments&post=7889"}],"version-history":[{"count":0,"href":"https:\/\/formalprision.com\/index.php?rest_route=\/wp\/v2\/posts\/7889\/revisions"}],"wp:attachment":[{"href":"https:\/\/formalprision.com\/index.php?rest_route=%2Fwp%2Fv2%2Fmedia&parent=7889"}],"wp:term":[{"taxonomy":"category","embeddable":true,"href":"https:\/\/formalprision.com\/index.php?rest_route=%2Fwp%2Fv2%2Fcategories&post=7889"},{"taxonomy":"post_tag","embeddable":true,"href":"https:\/\/formalprision.com\/index.php?rest_route=%2Fwp%2Fv2%2Ftags&post=7889"}],"curies":[{"name":"wp","href":"https:\/\/api.w.org\/{rel}","templated":true}]}}