{"id":7893,"date":"2011-09-06T02:25:00","date_gmt":"2011-09-06T02:25:00","guid":{"rendered":"http:\/\/formalprision.info\/2011\/09\/06\/feminicidio-en-celestun-joven-mujer\/"},"modified":"2015-06-03T08:55:42","modified_gmt":"2015-06-03T08:55:42","slug":"feminicidio-en-celestun-joven-mujer","status":"publish","type":"post","link":"https:\/\/formalprision.com\/?p=7893","title":{"rendered":"Feminicidio en Celest\u00fan: joven mujer hallada muerta en la playa"},"content":{"rendered":"<p><a href=\"http:\/\/2.bp.blogspot.com\/-EeOnvwTTgn8\/TmW4FmMALMI\/AAAAAAAAEJY\/Y-6umxH68c0\/s1600\/aaaaescudo%2Bde%2Bla%2Bfiscalia.jpg\"><img decoding=\"async\" id=\"BLOGGER_PHOTO_ID_5649123713895902402\" style=\"FLOAT: left; MARGIN: 0px 10px 10px 0px; WIDTH: 320px; CURSOR: hand; HEIGHT: 318px\" alt=\"\" src=\"http:\/\/formalprision.com\/wp-content\/uploads\/2011\/09\/aaaaescudo-de-la-fiscalia8.jpg\" border=\"0\" \/><\/a><\/p>\n<div>La Fiscal\u00eda General inform\u00f3 el hallazgo del cad\u00e1ver de una mujer en playas de Celest\u00fan.<br \/>La mujer, aun no identificada y de unos 28 a\u00f1os, fue asesinada, pues muri\u00f3 de golpes en la cabeza.<br \/>El cuerpo fue hallado a las 10 de la ma\u00f1ana, aunque el deceso ocurri\u00f3 10 horas antes.<br \/>Se inform\u00f3 que el cuerpo se encontr\u00f3 a la orilla del mar.<br \/>El dictamen del Semefo indica que el deceso fue por traumatismo craneoncef\u00e1lico.<br \/>La Fiscal\u00eda ya investiga el caso, en busca de un sujeto con el que la joven estuvo departiendo la noche anterior.<\/p>\n<div><\/div>\n<div>\n<div id=\"HOTWordsTxt\" style=\"PADDING-RIGHT: 0px; PADDING-LEFT: 0px; PADDING-BOTTOM: 0px; MARGIN: 0px; PADDING-TOP: 0px\" name=\"HOTWordsTxt\">\n<div><\/div>\n<\/div>\n<\/div>\n<\/div>\n","protected":false},"excerpt":{"rendered":"<p>La Fiscal\u00eda General inform\u00f3 el hallazgo del cad\u00e1ver de una mujer en playas de Celest\u00fan.La mujer, aun no identificada y de unos 28 a\u00f1os, fue asesinada, pues muri\u00f3 de golpes<\/p>\n","protected":false},"author":1,"featured_media":25826,"comment_status":"open","ping_status":"open","sticky":false,"template":"","format":"standard","meta":{"jetpack_post_was_ever_published":false,"_jetpack_newsletter_access":"","_jetpack_dont_email_post_to_subs":false,"_jetpack_newsletter_tier_id":0,"_jetpack_memberships_contains_paywalled_content":false,"_jetpack_memberships_contains_paid_content":false,"footnotes":"","jetpack_publicize_message":"","jetpack_publicize_feature_enabled":true,"jetpack_social_post_already_shared":false,"jetpack_social_options":{"image_generator_settings":{"template":"highway","default_image_id":0,"font":"","enabled":false},"version":2}},"categories":[59,3,1],"tags":[],"class_list":["post-7893","post","type-post","status-publish","format-standard","has-post-thumbnail","hentry","category-asesinos","category-portada","category-sin-categoria"],"jetpack_publicize_connections":[],"jetpack_featured_media_url":"https:\/\/formalprision.com\/wp-content\/uploads\/2011\/09\/aaaaescudo-de-la-fiscalia8.jpg","jetpack_sharing_enabled":true,"jetpack_shortlink":"https:\/\/wp.me\/p6id8p-23j","_links":{"self":[{"href":"https:\/\/formalprision.com\/index.php?rest_route=\/wp\/v2\/posts\/7893","targetHints":{"allow":["GET"]}}],"collection":[{"href":"https:\/\/formalprision.com\/index.php?rest_route=\/wp\/v2\/posts"}],"about":[{"href":"https:\/\/formalprision.com\/index.php?rest_route=\/wp\/v2\/types\/post"}],"author":[{"embeddable":true,"href":"https:\/\/formalprision.com\/index.php?rest_route=\/wp\/v2\/users\/1"}],"replies":[{"embeddable":true,"href":"https:\/\/formalprision.com\/index.php?rest_route=%2Fwp%2Fv2%2Fcomments&post=7893"}],"version-history":[{"count":0,"href":"https:\/\/formalprision.com\/index.php?rest_route=\/wp\/v2\/posts\/7893\/revisions"}],"wp:featuredmedia":[{"embeddable":true,"href":"https:\/\/formalprision.com\/index.php?rest_route=\/wp\/v2\/media\/25826"}],"wp:attachment":[{"href":"https:\/\/formalprision.com\/index.php?rest_route=%2Fwp%2Fv2%2Fmedia&parent=7893"}],"wp:term":[{"taxonomy":"category","embeddable":true,"href":"https:\/\/formalprision.com\/index.php?rest_route=%2Fwp%2Fv2%2Fcategories&post=7893"},{"taxonomy":"post_tag","embeddable":true,"href":"https:\/\/formalprision.com\/index.php?rest_route=%2Fwp%2Fv2%2Ftags&post=7893"}],"curies":[{"name":"wp","href":"https:\/\/api.w.org\/{rel}","templated":true}]}}