{"id":7902,"date":"2011-09-04T20:47:00","date_gmt":"2011-09-04T20:47:00","guid":{"rendered":"http:\/\/formalprision.info\/2011\/09\/04\/acusan-la-esposa-del-puma-carrillo\/"},"modified":"2015-06-03T08:55:43","modified_gmt":"2015-06-03T08:55:43","slug":"acusan-la-esposa-del-puma-carrillo","status":"publish","type":"post","link":"https:\/\/formalprision.com\/?p=7902","title":{"rendered":"Acusan a la esposa del Puma Carrillo Espinosa de atropellar a un peat\u00f3n y darse a la fuga"},"content":{"rendered":"<div>Michelle Preciat Navarrete, esposa del ex director operativo de la desaparecida Secretar\u00eda de Protecci\u00f3n y Vialidad, Daniel Carrillo Espinosa, pfue acusada de poner en peligro la vida de un anciano al que presuntamente atropell\u00f3 este d\u00eda<\/div>\n<div>\n<\/div>\n<div>La esposa del \u00abPuma\u00bb , seg\u00fan varias versiones, conduc\u00eda una camioneta Yuk\u00f3n gris con placas de circulaci\u00f3n ZAH 211T y al hacer maniobra en reversa, no se percat\u00f3 de que una persona del sexo masculino descend\u00eda de un cami\u00f3n del transporte p\u00fablico al que golpe\u00f3.<\/div>\n<div>\n<\/div>\n<div>El accidente tuvo lugar pocos minutos antes de la una de la tarde de este domingo en la Prolongaci\u00f3n Paseo de Montejo, justo frente a la distribuidora de autos BMW.<\/div>\n<div>\n<\/div>\n<div>Preciat Navarrete, seg\u00fan los testigos, en vez de enfrentar su responsabilidad, huy\u00f3 a toda prisa del lugar del accidente, dejando tirado en el suelo al infortunado peat\u00f3n, quien result\u00f3 con golpes en varias partes del cuerpo.<\/div>\n<p><a href=\"http:\/\/1.bp.blogspot.com\/-9rVZF5T3kjI\/TmPjZaieXwI\/AAAAAAAAEIA\/ya_-PvWJ2vk\/s1600\/IMG_6005-725395.JPG\"><img decoding=\"async\" id=\"BLOGGER_PHOTO_ID_5648608383412887298\" alt=\"\" src=\"http:\/\/formalprision.com\/wp-content\/uploads\/2011\/09\/IMG_6005-725395.jpg\" border=\"0\" \/><\/a><\/p>\n","protected":false},"excerpt":{"rendered":"<p>Michelle Preciat Navarrete, esposa del ex director operativo de la desaparecida Secretar\u00eda de Protecci\u00f3n y Vialidad, Daniel Carrillo Espinosa, pfue acusada de poner en peligro la vida de un anciano<\/p>\n","protected":false},"author":1,"featured_media":25843,"comment_status":"open","ping_status":"open","sticky":false,"template":"","format":"standard","meta":{"jetpack_post_was_ever_published":false,"_jetpack_newsletter_access":"","_jetpack_dont_email_post_to_subs":false,"_jetpack_newsletter_tier_id":0,"_jetpack_memberships_contains_paywalled_content":false,"_jetpack_memberships_contains_paid_content":false,"footnotes":"","jetpack_publicize_message":"","jetpack_publicize_feature_enabled":true,"jetpack_social_post_already_shared":false,"jetpack_social_options":{"image_generator_settings":{"template":"highway","default_image_id":0,"font":"","enabled":false},"version":2}},"categories":[3,1,53],"tags":[],"class_list":["post-7902","post","type-post","status-publish","format-standard","has-post-thumbnail","hentry","category-portada","category-sin-categoria","category-yo-no-fui"],"jetpack_publicize_connections":[],"jetpack_featured_media_url":"https:\/\/formalprision.com\/wp-content\/uploads\/2011\/09\/IMG_6005-725395.jpg","jetpack_sharing_enabled":true,"jetpack_shortlink":"https:\/\/wp.me\/p6id8p-23s","_links":{"self":[{"href":"https:\/\/formalprision.com\/index.php?rest_route=\/wp\/v2\/posts\/7902","targetHints":{"allow":["GET"]}}],"collection":[{"href":"https:\/\/formalprision.com\/index.php?rest_route=\/wp\/v2\/posts"}],"about":[{"href":"https:\/\/formalprision.com\/index.php?rest_route=\/wp\/v2\/types\/post"}],"author":[{"embeddable":true,"href":"https:\/\/formalprision.com\/index.php?rest_route=\/wp\/v2\/users\/1"}],"replies":[{"embeddable":true,"href":"https:\/\/formalprision.com\/index.php?rest_route=%2Fwp%2Fv2%2Fcomments&post=7902"}],"version-history":[{"count":0,"href":"https:\/\/formalprision.com\/index.php?rest_route=\/wp\/v2\/posts\/7902\/revisions"}],"wp:featuredmedia":[{"embeddable":true,"href":"https:\/\/formalprision.com\/index.php?rest_route=\/wp\/v2\/media\/25843"}],"wp:attachment":[{"href":"https:\/\/formalprision.com\/index.php?rest_route=%2Fwp%2Fv2%2Fmedia&parent=7902"}],"wp:term":[{"taxonomy":"category","embeddable":true,"href":"https:\/\/formalprision.com\/index.php?rest_route=%2Fwp%2Fv2%2Fcategories&post=7902"},{"taxonomy":"post_tag","embeddable":true,"href":"https:\/\/formalprision.com\/index.php?rest_route=%2Fwp%2Fv2%2Ftags&post=7902"}],"curies":[{"name":"wp","href":"https:\/\/api.w.org\/{rel}","templated":true}]}}