{"id":7909,"date":"2011-09-02T15:00:00","date_gmt":"2011-09-02T15:00:00","guid":{"rendered":"http:\/\/formalprision.info\/2011\/09\/02\/mortal-percance-en-la-carretera-progreso\/"},"modified":"2015-06-03T08:55:47","modified_gmt":"2015-06-03T08:55:47","slug":"mortal-percance-en-la-carretera-progreso","status":"publish","type":"post","link":"https:\/\/formalprision.com\/?p=7909","title":{"rendered":"Mortal percance en la carretera a Progreso"},"content":{"rendered":"<p><a href=\"http:\/\/1.bp.blogspot.com\/-NQp8CUPMHlA\/TmDzbfqVsMI\/AAAAAAAAEHo\/IvnY23GaSnY\/s1600\/aaaaasemurioeleeprogreso.jpg\"><img decoding=\"async\" id=\"BLOGGER_PHOTO_ID_5647781586403700930\" style=\"FLOAT: left; MARGIN: 0px 10px 10px 0px; WIDTH: 320px; CURSOR: hand; HEIGHT: 214px\" alt=\"\" src=\"http:\/\/formalprision.com\/wp-content\/uploads\/2011\/09\/aaaaasemurioeleeprogreso.jpg\" border=\"0\" \/><\/a><\/p>\n<div><\/div>\n<div>Un progrese\u00f1o encontr\u00f3 la muerte tr\u00e1gicamente esta ma\u00f1ana en la carretera M\u00e9rida-Progreso, al chocar su veh\u00edculo contra la parte trasera de un cami\u00f3n tipo torton cargado con 18 toneladas de ma\u00edz procedentes del puerto de altura.<\/p>\n<p>El accidente se registr\u00f3 a las 5 de la ma\u00f1ana en esa v\u00eda federal, a la altura del kil\u00f3metro 30, donde precisamente tambi\u00e9n fallecieron el a\u00f1o pasado dos polic\u00edas estatales en un percance muy parecido.<\/p>\n<p>En la mortal colisi\u00f3n de esta ma\u00f1ana falleci\u00f3 el porte\u00f1o <strong>C\u00e9sar Rafael V\u00e1zquez Rodr\u00edguez<\/strong>, de unos 45 a\u00f1os y vecino del fraccionamiento Campestre Flamboyanes, quien conduc\u00eda una camioneta Chevrolet Tornado color negro, con placas YP-18-196.<\/p>\n<p>Polic\u00edas Federales informaron que el tr\u00e1gico accidente sucedi\u00f3 cuando el chofer de la Tornado dormit\u00f3, debido a que no dej\u00f3 ninguna huella de frenado en la carretera.<\/p>\n<p>-Choc\u00f3 con todo, e iba a mucha velocidad- dijo uno de los agentes de la PF.<\/p>\n<p>Tras el impacto, la Tornado qued\u00f3 cubierta con las toneladas de ma\u00edz, lo que dificult\u00f3 los trabajos para sacar el cuerpo, debido a que los bomberos tuvieron que palear los granos para poder proceder<\/p><\/div>\n<div>Los trabajos duraron m\u00e1s de dos horas.<\/p>\n<p>Adem\u00e1s, el cuerpo qued\u00f3 prensado, por lo que utilizaron las \u00abquijadas de la vida\u00bb para poder abrir el veh\u00edculo. (Con informaci\u00f3n de Progresohoy) <\/p><\/div>\n","protected":false},"excerpt":{"rendered":"<p>Un progrese\u00f1o encontr\u00f3 la muerte tr\u00e1gicamente esta ma\u00f1ana en la carretera M\u00e9rida-Progreso, al chocar su veh\u00edculo contra la parte trasera de un cami\u00f3n tipo torton cargado con 18 toneladas de<\/p>\n","protected":false},"author":1,"featured_media":25855,"comment_status":"open","ping_status":"open","sticky":false,"template":"","format":"standard","meta":{"jetpack_post_was_ever_published":false,"_jetpack_newsletter_access":"","_jetpack_dont_email_post_to_subs":false,"_jetpack_newsletter_tier_id":0,"_jetpack_memberships_contains_paywalled_content":false,"_jetpack_memberships_contains_paid_content":false,"footnotes":"","jetpack_publicize_message":"","jetpack_publicize_feature_enabled":true,"jetpack_social_post_already_shared":false,"jetpack_social_options":{"image_generator_settings":{"template":"highway","default_image_id":0,"font":"","enabled":false},"version":2}},"categories":[44,3,1],"tags":[],"class_list":["post-7909","post","type-post","status-publish","format-standard","has-post-thumbnail","hentry","category-morgue","category-portada","category-sin-categoria"],"jetpack_publicize_connections":[],"jetpack_featured_media_url":"https:\/\/formalprision.com\/wp-content\/uploads\/2011\/09\/aaaaasemurioeleeprogreso.jpg","jetpack_sharing_enabled":true,"jetpack_shortlink":"https:\/\/wp.me\/p6id8p-23z","_links":{"self":[{"href":"https:\/\/formalprision.com\/index.php?rest_route=\/wp\/v2\/posts\/7909","targetHints":{"allow":["GET"]}}],"collection":[{"href":"https:\/\/formalprision.com\/index.php?rest_route=\/wp\/v2\/posts"}],"about":[{"href":"https:\/\/formalprision.com\/index.php?rest_route=\/wp\/v2\/types\/post"}],"author":[{"embeddable":true,"href":"https:\/\/formalprision.com\/index.php?rest_route=\/wp\/v2\/users\/1"}],"replies":[{"embeddable":true,"href":"https:\/\/formalprision.com\/index.php?rest_route=%2Fwp%2Fv2%2Fcomments&post=7909"}],"version-history":[{"count":0,"href":"https:\/\/formalprision.com\/index.php?rest_route=\/wp\/v2\/posts\/7909\/revisions"}],"wp:featuredmedia":[{"embeddable":true,"href":"https:\/\/formalprision.com\/index.php?rest_route=\/wp\/v2\/media\/25855"}],"wp:attachment":[{"href":"https:\/\/formalprision.com\/index.php?rest_route=%2Fwp%2Fv2%2Fmedia&parent=7909"}],"wp:term":[{"taxonomy":"category","embeddable":true,"href":"https:\/\/formalprision.com\/index.php?rest_route=%2Fwp%2Fv2%2Fcategories&post=7909"},{"taxonomy":"post_tag","embeddable":true,"href":"https:\/\/formalprision.com\/index.php?rest_route=%2Fwp%2Fv2%2Ftags&post=7909"}],"curies":[{"name":"wp","href":"https:\/\/api.w.org\/{rel}","templated":true}]}}