{"id":7933,"date":"2011-08-26T15:33:00","date_gmt":"2011-08-26T15:33:00","guid":{"rendered":"http:\/\/formalprision.info\/2011\/08\/26\/reportan-desaparicion-de-un-nino-de-6\/"},"modified":"2015-06-03T08:55:51","modified_gmt":"2015-06-03T08:55:51","slug":"reportan-desaparicion-de-un-nino-de-6","status":"publish","type":"post","link":"https:\/\/formalprision.com\/?p=7933","title":{"rendered":"Reportan desaparici\u00f3n de un ni\u00f1o de 6 a\u00f1os en el parque de la Alem\u00e1n"},"content":{"rendered":"<p><a href=\"http:\/\/3.bp.blogspot.com\/-cYTzocxU-pM\/TldIVEPlG3I\/AAAAAAAAEEQ\/8HMF0TD-8p8\/s1600\/aaadesaparecidodelaaleman.jpg\"><img decoding=\"async\" id=\"BLOGGER_PHOTO_ID_5645060184685747058\" style=\"FLOAT: left; MARGIN: 0px 10px 10px 0px; WIDTH: 214px; CURSOR: hand; HEIGHT: 320px\" alt=\"\" src=\"http:\/\/formalprision.com\/wp-content\/uploads\/2011\/08\/aaadesaparecidodelaaleman.jpg\" border=\"0\" \/><\/a><\/p>\n<div>Ayer, a trav\u00e9s de las redes sociales, en M\u00e9rida comenz\u00f3 a difundirse la solicitud de ayuda para localizar a un menor que presuntamente se extravi\u00f3 en el parque de la Alem\u00e1n.<\/p>\n<p>El ni\u00f1o, de apenas seis a\u00f1os de edad, desapareci\u00f3 en esa zona de la ciudad, aunque al parecer en realidad el caso est\u00e1 relacionado con una disputa familiar. <\/p><\/div>\n<div>Seg\u00fan los mensajes que han circulado a trav\u00e9s de Twitter y Facebook, el ni\u00f1o extraviado es Isao Diaz Villanueva y cuando se le vio por \u00faltima vez vest\u00eda camisa blanca pantal\u00f3n de mezclilla.<\/p>\n<p>El ni\u00f1o estaba con su padrastro, quien lo dej\u00f3 un instante para irle a comprar marquesitas, pero al regresar ya no lo encontr\u00f3.<\/p><\/div>\n<div>Anoche mismo, los familiares reportaron la desaparici\u00f3n a la polic\u00eda.<\/div>\n<div>Cualquier informe del paradero del ni\u00f1o al 9991300820<\/div>\n","protected":false},"excerpt":{"rendered":"<p>Ayer, a trav\u00e9s de las redes sociales, en M\u00e9rida comenz\u00f3 a difundirse la solicitud de ayuda para localizar a un menor que presuntamente se extravi\u00f3 en el parque de la<\/p>\n","protected":false},"author":1,"featured_media":25901,"comment_status":"open","ping_status":"open","sticky":false,"template":"","format":"standard","meta":{"jetpack_post_was_ever_published":false,"_jetpack_newsletter_access":"","_jetpack_dont_email_post_to_subs":false,"_jetpack_newsletter_tier_id":0,"_jetpack_memberships_contains_paywalled_content":false,"_jetpack_memberships_contains_paid_content":false,"footnotes":"","jetpack_publicize_message":"","jetpack_publicize_feature_enabled":true,"jetpack_social_post_already_shared":false,"jetpack_social_options":{"image_generator_settings":{"template":"highway","default_image_id":0,"font":"","enabled":false},"version":2}},"categories":[3,58,1],"tags":[],"class_list":["post-7933","post","type-post","status-publish","format-standard","has-post-thumbnail","hentry","category-portada","category-rescates","category-sin-categoria"],"jetpack_publicize_connections":[],"jetpack_featured_media_url":"https:\/\/formalprision.com\/wp-content\/uploads\/2011\/08\/aaadesaparecidodelaaleman.jpg","jetpack_sharing_enabled":true,"jetpack_shortlink":"https:\/\/wp.me\/p6id8p-23X","_links":{"self":[{"href":"https:\/\/formalprision.com\/index.php?rest_route=\/wp\/v2\/posts\/7933","targetHints":{"allow":["GET"]}}],"collection":[{"href":"https:\/\/formalprision.com\/index.php?rest_route=\/wp\/v2\/posts"}],"about":[{"href":"https:\/\/formalprision.com\/index.php?rest_route=\/wp\/v2\/types\/post"}],"author":[{"embeddable":true,"href":"https:\/\/formalprision.com\/index.php?rest_route=\/wp\/v2\/users\/1"}],"replies":[{"embeddable":true,"href":"https:\/\/formalprision.com\/index.php?rest_route=%2Fwp%2Fv2%2Fcomments&post=7933"}],"version-history":[{"count":0,"href":"https:\/\/formalprision.com\/index.php?rest_route=\/wp\/v2\/posts\/7933\/revisions"}],"wp:featuredmedia":[{"embeddable":true,"href":"https:\/\/formalprision.com\/index.php?rest_route=\/wp\/v2\/media\/25901"}],"wp:attachment":[{"href":"https:\/\/formalprision.com\/index.php?rest_route=%2Fwp%2Fv2%2Fmedia&parent=7933"}],"wp:term":[{"taxonomy":"category","embeddable":true,"href":"https:\/\/formalprision.com\/index.php?rest_route=%2Fwp%2Fv2%2Fcategories&post=7933"},{"taxonomy":"post_tag","embeddable":true,"href":"https:\/\/formalprision.com\/index.php?rest_route=%2Fwp%2Fv2%2Ftags&post=7933"}],"curies":[{"name":"wp","href":"https:\/\/api.w.org\/{rel}","templated":true}]}}