{"id":7941,"date":"2011-08-25T14:23:00","date_gmt":"2011-08-25T14:23:00","guid":{"rendered":"http:\/\/formalprision.info\/2011\/08\/25\/sincronizaran-semaforos-en-el-centro-de\/"},"modified":"2015-06-03T08:55:52","modified_gmt":"2015-06-03T08:55:52","slug":"sincronizaran-semaforos-en-el-centro-de","status":"publish","type":"post","link":"https:\/\/formalprision.com\/?p=7941","title":{"rendered":"Sincronizar\u00e1n sem\u00e1foros en el centro de M\u00e9rida"},"content":{"rendered":"<p><a href=\"http:\/\/1.bp.blogspot.com\/-RInFnDUXLtE\/TlZ4eMW09wI\/AAAAAAAAED4\/qJ_iwIpshss\/s1600\/aaasemaforos.jpg\"><img decoding=\"async\" id=\"BLOGGER_PHOTO_ID_5644831643063875330\" style=\"FLOAT: left; MARGIN: 0px 10px 10px 0px; WIDTH: 320px; CURSOR: hand; HEIGHT: 262px\" alt=\"\" src=\"http:\/\/formalprision.com\/wp-content\/uploads\/2011\/08\/aaasemaforos.jpg\" border=\"0\" \/><\/a><\/p>\n<div>La Polic\u00eda Municipal de M\u00e9rida puso en marcha un programa de sincronizaci\u00f3n de sem\u00e1foro en el centro de la ciudad.<\/div>\n<div>El director de esa corporaci\u00f3n policial, Cmdte. Federico Cuesy Adri\u00e1n.dijo que este programa se encuentra en su primera fase, a cargo del departamento de Ingenier\u00eda Vial, que est\u00e1 realizando pruebas con los tiempos de los sem\u00e1foros a fin de darles una mejor sincron\u00eda.<\/div>\n<div>\u200bDel mismo modo se est\u00e1n ubicando los cruceros en los cuales se requieren hacer los trabajos de sincronizaci\u00f3n, en especial en aquellos que registran un mayor aforo vehicular.<\/div>\n<div>\u200bEl director de la Polic\u00eda Municipal de M\u00e9rida destac\u00f3 que al estar cargadas las vialidades los riesgos de accidentes son mayores, adem\u00e1s de que genera malestar en los conductores<\/div>\n<div>\u200bPor esta raz\u00f3n, agreg\u00f3, se est\u00e1n realizando las labores de sincronizaci\u00f3n, principalmente para las calles que sirven de salida de veh\u00edculos del centro de la ciudad.<\/div>\n<div>Finalmente Cuesy Adri\u00e1n destac\u00f3 que estos cambios en la sincronizaci\u00f3n de los sem\u00e1foros se har\u00e1n de manera gradual debido a que se requiere de un an\u00e1lisis sobre la problem\u00e1tica de la vialidad en el primer cuadro de la ciudad para encontrarle una soluci\u00f3n y hacer el tr\u00e1nsito m\u00e1s fluido, pero tambi\u00e9n seguro.<\/div>\n<div><\/div>\n","protected":false},"excerpt":{"rendered":"<p>La Polic\u00eda Municipal de M\u00e9rida puso en marcha un programa de sincronizaci\u00f3n de sem\u00e1foro en el centro de la ciudad. El director de esa corporaci\u00f3n policial, Cmdte. Federico Cuesy Adri\u00e1n.dijo<\/p>\n","protected":false},"author":1,"featured_media":25916,"comment_status":"open","ping_status":"open","sticky":false,"template":"","format":"standard","meta":{"jetpack_post_was_ever_published":false,"_jetpack_newsletter_access":"","_jetpack_dont_email_post_to_subs":false,"_jetpack_newsletter_tier_id":0,"_jetpack_memberships_contains_paywalled_content":false,"_jetpack_memberships_contains_paid_content":false,"footnotes":"","jetpack_publicize_message":"","jetpack_publicize_feature_enabled":true,"jetpack_social_post_already_shared":false,"jetpack_social_options":{"image_generator_settings":{"template":"highway","default_image_id":0,"font":"","enabled":false},"version":2}},"categories":[3,1,49],"tags":[],"class_list":["post-7941","post","type-post","status-publish","format-standard","has-post-thumbnail","hentry","category-portada","category-sin-categoria","category-tocho-morocho"],"jetpack_publicize_connections":[],"jetpack_featured_media_url":"https:\/\/formalprision.com\/wp-content\/uploads\/2011\/08\/aaasemaforos.jpg","jetpack_sharing_enabled":true,"jetpack_shortlink":"https:\/\/wp.me\/p6id8p-245","_links":{"self":[{"href":"https:\/\/formalprision.com\/index.php?rest_route=\/wp\/v2\/posts\/7941","targetHints":{"allow":["GET"]}}],"collection":[{"href":"https:\/\/formalprision.com\/index.php?rest_route=\/wp\/v2\/posts"}],"about":[{"href":"https:\/\/formalprision.com\/index.php?rest_route=\/wp\/v2\/types\/post"}],"author":[{"embeddable":true,"href":"https:\/\/formalprision.com\/index.php?rest_route=\/wp\/v2\/users\/1"}],"replies":[{"embeddable":true,"href":"https:\/\/formalprision.com\/index.php?rest_route=%2Fwp%2Fv2%2Fcomments&post=7941"}],"version-history":[{"count":0,"href":"https:\/\/formalprision.com\/index.php?rest_route=\/wp\/v2\/posts\/7941\/revisions"}],"wp:featuredmedia":[{"embeddable":true,"href":"https:\/\/formalprision.com\/index.php?rest_route=\/wp\/v2\/media\/25916"}],"wp:attachment":[{"href":"https:\/\/formalprision.com\/index.php?rest_route=%2Fwp%2Fv2%2Fmedia&parent=7941"}],"wp:term":[{"taxonomy":"category","embeddable":true,"href":"https:\/\/formalprision.com\/index.php?rest_route=%2Fwp%2Fv2%2Fcategories&post=7941"},{"taxonomy":"post_tag","embeddable":true,"href":"https:\/\/formalprision.com\/index.php?rest_route=%2Fwp%2Fv2%2Ftags&post=7941"}],"curies":[{"name":"wp","href":"https:\/\/api.w.org\/{rel}","templated":true}]}}