{"id":79501,"date":"2020-07-14T17:44:00","date_gmt":"2020-07-14T22:44:00","guid":{"rendered":"http:\/\/formalprision.com\/?p=79501"},"modified":"2020-07-14T17:52:15","modified_gmt":"2020-07-14T22:52:15","slug":"detiene-la-ssp-a-sujeto-que-mato-a-su-papa-en-la-colonia-miraflores","status":"publish","type":"post","link":"https:\/\/formalprision.com\/?p=79501","title":{"rendered":"Detiene la SSP a sujeto que mat\u00f3 a su pap\u00e1 en la colonia Miraflores"},"content":{"rendered":"\n<p>Elementos de la Polic\u00eda Estatal de Investigaci\u00f3n (PEI) de la SSP detuvieron a Rub\u00e9n David Sosa S., de 40 a\u00f1os, acusado de parricidio.\u00a0<\/p>\n\n\n\n<p>Los agentes investigadores de la SSP pusieron a disposici\u00f3n de la Fiscal\u00eda General del Estado (FGE) al individuo, quien responder\u00e1 por la muerte de su padre, hecho ocurrido ayer en la colonia Miraflores.\u00a0<\/p>\n\n\n\n<p>Seg\u00fan los reportes preliminares, lo asesin\u00f3 de un martillo tras discutir con \u00e9l por cuestiones familiares.<\/p>\n\n\n\n<p>El sujeto fue a visitar a su progenitor, de 73 a\u00f1os, a la casa de este, en la calle 21 entre 16 y 18, pero termin\u00f3 mat\u00e1ndolo.<\/p>\n\n\n\n<p>Huy\u00f3 en un veh\u00edculo, pero su hermana alert\u00f3 a la SSP, lo que permiti\u00f3 su captura.<\/p>\n","protected":false},"excerpt":{"rendered":"<p>Elementos de la Polic\u00eda Estatal de Investigaci\u00f3n (PEI) de la SSP detuvieron a Rub\u00e9n David Sosa S., de 40 a\u00f1os, acusado de parricidio.\u00a0 Los agentes investigadores de la SSP pusieron<\/p>\n","protected":false},"author":1,"featured_media":79502,"comment_status":"open","ping_status":"open","sticky":false,"template":"","format":"standard","meta":{"jetpack_post_was_ever_published":false,"_jetpack_newsletter_access":"","_jetpack_dont_email_post_to_subs":false,"_jetpack_newsletter_tier_id":0,"_jetpack_memberships_contains_paywalled_content":false,"_jetpack_memberships_contains_paid_content":false,"footnotes":"","jetpack_publicize_message":"Fue a visitarlo y tras una discusi\u00f3n por problemas familiares, lo golpe\u00f3 en la cabeza con un martillo. Huy\u00f3, pero fue detenido luego de que su hermana alert\u00f3 a la Polic\u00eda","jetpack_publicize_feature_enabled":true,"jetpack_social_post_already_shared":true,"jetpack_social_options":{"image_generator_settings":{"template":"highway","default_image_id":0,"font":"","enabled":false},"version":2}},"categories":[59,3],"tags":[],"class_list":["post-79501","post","type-post","status-publish","format-standard","has-post-thumbnail","hentry","category-asesinos","category-portada"],"jetpack_publicize_connections":[],"jetpack_featured_media_url":"https:\/\/formalprision.com\/wp-content\/uploads\/2020\/07\/d3f83bd3-bf78-4756-8cd7-dcf9d6178ddd.jpg","jetpack_sharing_enabled":true,"jetpack_shortlink":"https:\/\/wp.me\/p6id8p-kGh","_links":{"self":[{"href":"https:\/\/formalprision.com\/index.php?rest_route=\/wp\/v2\/posts\/79501","targetHints":{"allow":["GET"]}}],"collection":[{"href":"https:\/\/formalprision.com\/index.php?rest_route=\/wp\/v2\/posts"}],"about":[{"href":"https:\/\/formalprision.com\/index.php?rest_route=\/wp\/v2\/types\/post"}],"author":[{"embeddable":true,"href":"https:\/\/formalprision.com\/index.php?rest_route=\/wp\/v2\/users\/1"}],"replies":[{"embeddable":true,"href":"https:\/\/formalprision.com\/index.php?rest_route=%2Fwp%2Fv2%2Fcomments&post=79501"}],"version-history":[{"count":0,"href":"https:\/\/formalprision.com\/index.php?rest_route=\/wp\/v2\/posts\/79501\/revisions"}],"wp:featuredmedia":[{"embeddable":true,"href":"https:\/\/formalprision.com\/index.php?rest_route=\/wp\/v2\/media\/79502"}],"wp:attachment":[{"href":"https:\/\/formalprision.com\/index.php?rest_route=%2Fwp%2Fv2%2Fmedia&parent=79501"}],"wp:term":[{"taxonomy":"category","embeddable":true,"href":"https:\/\/formalprision.com\/index.php?rest_route=%2Fwp%2Fv2%2Fcategories&post=79501"},{"taxonomy":"post_tag","embeddable":true,"href":"https:\/\/formalprision.com\/index.php?rest_route=%2Fwp%2Fv2%2Ftags&post=79501"}],"curies":[{"name":"wp","href":"https:\/\/api.w.org\/{rel}","templated":true}]}}