{"id":79505,"date":"2020-07-14T20:27:49","date_gmt":"2020-07-15T01:27:49","guid":{"rendered":"http:\/\/formalprision.com\/?p=79505"},"modified":"2020-07-14T20:27:52","modified_gmt":"2020-07-15T01:27:52","slug":"yucatan-contara-con-3-nuevos-laboratorios-en-logistica-industrial-innovacion-diseno-y-manufactura-digital","status":"publish","type":"post","link":"https:\/\/formalprision.com\/?p=79505","title":{"rendered":"Yucat\u00e1n contar\u00e1 con 3 nuevos laboratorios en log\u00edstica industrial, innovaci\u00f3n, dise\u00f1o y manufactura digital"},"content":{"rendered":"\n<p>M\u00e9rida, Yucat\u00e1n, 14 de julio de 2020.- Yucat\u00e1n se coloca como punta de lanza en el desarrollo del sureste del pa\u00eds al sumarse a la plataforma de colaboraci\u00f3n entre M\u00e9xico y Francia para la Innovaci\u00f3n y el Dise\u00f1o Industrial orientado al sector aeron\u00e1utico, iniciativa que permitir\u00e1 que el estado cuente con 3 nuevos laboratorios que podr\u00e1n ser aprovechados en esta industria y otras similares, anunci\u00f3 el gobernador Mauricio Vila Dosal.<\/p>\n\n\n\n<p>Durante el foro digital Encuentro M\u00e9xico-Francia para la Innovaci\u00f3n y Transformaci\u00f3n Digital, que tuvo como ciudad anfitriona a M\u00e9rida y fue encabezada por el jefe de la Oficina de la Presidencia de la Rep\u00fablica, Alfonso Romo Garza y el titular de la Secretar\u00eda de Educaci\u00f3n P\u00fablica (SEP), Esteban Moctezuma Barrag\u00e1n, Vila Dosal indic\u00f3 que, de estos 3 nuevos laboratorios, uno ser\u00e1 de log\u00edstica industrial 4.0 y dos de innovaci\u00f3n, dise\u00f1o y manufactura, los cuales estar\u00e1n ubicados en dos de las universidades p\u00fablicas del estado y contribuir\u00e1n a la especializaci\u00f3n de recursos humanos en capacidades tecnol\u00f3gicas y dise\u00f1o digital enfocados a este sector.<\/p>\n\n\n\n<p>\u201cEstas acciones, sumadas a nuestra ubicaci\u00f3n geogr\u00e1fica, infraestructura, conectividad, capital humano, desarrollo industrial, infraestructura tur\u00edstica y calidad de vida hacen que Yucat\u00e1n sea una punta de lanza para el desarrollo del sureste de nuestro pa\u00eds. Quiero agradecer al Secretario de Educaci\u00f3n, Esteban Moctezuma, por tomar en cuenta a Yucat\u00e1n en esta importante iniciativa de la cual estamos muy contentos de participar y en la cual podremos todo nuestro esfuerzo\u201d, asever\u00f3 el gobernador.<\/p>\n\n\n\n<p>En ese marco, el Ministro de Educaci\u00f3n Nacional de Francia, Jean-Michel Blanquer y el embajador de M\u00e9xico en Francia, Juan Manuel G\u00f3mez Robledo, resaltaron la disposici\u00f3n y colaboraci\u00f3n del gobernador de Yucat\u00e1n para organizar este foro digital y contribuir al fortalecimiento de la cooperaci\u00f3n entre M\u00e9xico y Francia.<\/p>\n\n\n\n<p>En su mensaje, Vila Dosal destac\u00f3 que el sureste del pa\u00eds es uno de los puntos prioritarios del Presidente de la Rep\u00fablica, Andr\u00e9s Manuel L\u00f3pez Obrador, por lo que tambi\u00e9n le agradeci\u00f3 que siempre nos tome en cuenta, \u201ces una realidad que no hay pa\u00eds ni estado que pueda hacer frente por s\u00ed solo a los desaf\u00edos que enfrentamos actualmente, es momento de trabajar juntos y sumar lo mejor que tenemos como regi\u00f3n, como estados y como pa\u00edses\u201d.<\/p>\n\n\n\n<p>Manifest\u00f3 que sin duda en M\u00e9xico, Francia y todo el mundo se enfrenta&nbsp; un reto sin precedentes, por lo que expres\u00f3 estar convencido que hoy, m\u00e1s que nunca, se necesita sumar esfuerzos, como se&nbsp; est\u00e1 haciendo con este foro digital, y para abrir paso a la reactivaci\u00f3n econ\u00f3mica se requiere estados altamente competitivos que incentiven la atracci\u00f3n de inversiones y que puedan generar empleos para todos.<\/p>\n\n\n\n<p>En el foro, se record\u00f3 que en M\u00e9xico actualmente se cuentan m\u00e1s de 350 empresas del sector aeroespacial que generan m\u00e1s de 60,000 puestos directos de trabajo y la exportaci\u00f3n en ese sector al cierre de 2019 fue de unos 9,700 millones de d\u00f3lares. Tambi\u00e9n se coment\u00f3 que, ante el impacto econ\u00f3mico generado por la pandemia del Coronavirus en la industria, Francia ha decidido poner en marcha un plan de rescate sectorial de 15 mil millones de Euros.<\/p>\n\n\n\n<p>Al hablar de Yucat\u00e1n, el gobernador mencion\u00f3 que \u00abdestacamos como un estado competitivo porque hemos trabajado para la atracci\u00f3n de inversiones en sectores estrat\u00e9gicos que requieren capital humano de alto nivel como lo son el aeroespacial y aeron\u00e1utico\u00bb.&nbsp;<\/p>\n\n\n\n<p>Dichos sectores ya tienen presencia en el estado, en donde ya operan por ejemplo la empresa PCC Airfoils dedicada a la fabricaci\u00f3n de piezas de aviones e industrias relacionadas con el sector como Grupo Alsico, donde yucatecos confeccionan uniformes para la NASA. A esto se suma que se firm\u00f3 una carta de intenci\u00f3n para establecer una escuela de pilotos con Airbus en Yucat\u00e1n; tambi\u00e9n con la empresa Elecnor Deimos se firm\u00f3 una carta de intenci\u00f3n para una inversi\u00f3n de 130 millones de d\u00f3lares en la construcci\u00f3n de un centro tecnol\u00f3gico en materia satelital y espacial, precis\u00f3 .<\/p>\n\n\n\n<p>Yucat\u00e1n, a pesar de la pandemia, sigue siendo una de las mejores entidades del pa\u00eds para invertir. Por ejemplo, algo que ha distinguido siempre a Yucat\u00e1n es su seguridad. Es as\u00ed que 2020 ocupamos, por cuarto a\u00f1o consecutivo, el primer lugar en el \u00cdndice de Paz, lo que nos ubica como el estado m\u00e1s pac\u00edfico de M\u00e9xico de acuerdo con el Instituto para la Econom\u00eda y la Paz, a\u00f1adi\u00f3 el gobernador.<\/p>\n\n\n\n<p>Asimismo, record\u00f3 que, de acuerdo con datos del Secretariado Ejecutivo del Sistema Nacional de Seguridad P\u00fablica, indican que en lo que va del a\u00f1o Yucat\u00e1n registra una tasa de cero en secuestros y somos el estado de la Rep\u00fablica con menos casos de homicidios dolosos, mientras que la American Chamber M\u00e9xico nos coloca como el estado con mayor seguridad del pa\u00eds para que las empresas realicen sus operaciones.<\/p>\n\n\n\n<p>En materia de Estado de Derecho, Yucat\u00e1n tambi\u00e9n ocupa el primer lugar del pa\u00eds de acuerdo con el \u00edndice que publica el World Justice Project y el Instituto Mexicano para la Competitividad (IMCO) otorg\u00f3 al estado la medalla de oro, se\u00f1al\u00e1ndolo como el estado n\u00famero uno en temas de seguridad p\u00fablica y jur\u00eddica del pa\u00eds. Y en su \u00edndice de competitividad estatal 2020, Yucat\u00e1n se encuentra entre las 5 entidades que concentran m\u00e1s medallas de oro en M\u00e9xico, agreg\u00f3.<\/p>\n\n\n\n<p>Por otra parte, Vila Dosal tambi\u00e9n comparti\u00f3 que los resultados de la Encuesta Nacional de Calidad e Impacto Gubernamental que realiza el INEGI, posicionan a Yucat\u00e1n como la entidad con menor percepci\u00f3n de corrupci\u00f3n del pa\u00eds y adem\u00e1s ocupamos el primer lugar como el estado de la Rep\u00fablica con mayor confianza de la poblaci\u00f3n en su Gobierno.<\/p>\n\n\n\n<p>Otro tema muy importante es la transparencia, donde ocupamos el segundo lugar a nivel nacional y donde obtuvimos la calificaci\u00f3n m\u00e1s alta de nuestra historia en el \u00cdndice Nacional de Transparencia y Disponibilidad de la Informaci\u00f3n Fiscal que realiza la consultora Aregional y en mejora regulatoria, nuestro estado se ubica entre las tres primeras entidades del pa\u00eds con m\u00e1s avances en este tema, de acuerdo con datos del Observatorio Nacional de Mejora Regulatoria, puntualiz\u00f3.<\/p>\n\n\n\n<p>De igual forma, resalt\u00f3 que Yucat\u00e1n tambi\u00e9n se encuentra entre las primeras tres entidades del pa\u00eds del \u00edndice general del avance en la implementaci\u00f3n del Presupuesto Basado en Resultados que publica la Secretar\u00eda de Hacienda, indicador que refleja la calidad del gasto p\u00fablico y promueve una adecuada rendici\u00f3n de cuentas.<\/p>\n\n\n\n<p>En el foro digital tambi\u00e9n participaron el consejero de Cooperaci\u00f3n y Acci\u00f3n Cultural de la Embajada de Francia en M\u00e9xico, Adelino Braz, el embajador de la Alianza Industria del Futuro, Alfred Rodr\u00edguez, el presidente de la Federaci\u00f3n Mexicana de la Industria Aeroespacial (Femia), Felipe Sandoval Ram\u00edrez, el Gobernador de Hidalgo, Omar Fayad Meneses, el jefe de la Oficina de la Presidencia de la Confederaci\u00f3n de C\u00e1maras Industriales de M\u00e9xico (Concamin), Francisco Cervantes D\u00edaz y el director general de France Education International, Pierre-Fran\u00e7ois Mourier y Luciano Concheiro B\u00f3rquez, subsecretario de Educaci\u00f3n Superior de la SEP, as\u00ed como representantes de los Gobiernos de Quer\u00e9taro, Chihuahua, Sonora y Estado de M\u00e9xico. (Comunicado de Prensa) <\/p>\n","protected":false},"excerpt":{"rendered":"<p>M\u00e9rida, Yucat\u00e1n, 14 de julio de 2020.- Yucat\u00e1n se coloca como punta de lanza en el desarrollo del sureste del pa\u00eds al sumarse a la plataforma de colaboraci\u00f3n entre M\u00e9xico<\/p>\n","protected":false},"author":1,"featured_media":79506,"comment_status":"open","ping_status":"open","sticky":false,"template":"","format":"standard","meta":{"jetpack_post_was_ever_published":false,"_jetpack_newsletter_access":"","_jetpack_dont_email_post_to_subs":false,"_jetpack_newsletter_tier_id":0,"_jetpack_memberships_contains_paywalled_content":false,"_jetpack_memberships_contains_paid_content":false,"footnotes":"","jetpack_publicize_message":"Mauricio Vila anunci\u00f3 que son resultado de la incorporaci\u00f3n del estado a la colaboraci\u00f3n entre M\u00e9xico y Francia para la Innovaci\u00f3n y el Dise\u00f1o Industrial orientado al sector aeron\u00e1utico.","jetpack_publicize_feature_enabled":true,"jetpack_social_post_already_shared":true,"jetpack_social_options":{"image_generator_settings":{"template":"highway","default_image_id":0,"font":"","enabled":false},"version":2}},"categories":[17],"tags":[],"class_list":["post-79505","post","type-post","status-publish","format-standard","has-post-thumbnail","hentry","category-politica-y-gobierno"],"jetpack_publicize_connections":[],"jetpack_featured_media_url":"https:\/\/formalprision.com\/wp-content\/uploads\/2020\/07\/image00001-2-1.jpeg","jetpack_sharing_enabled":true,"jetpack_shortlink":"https:\/\/wp.me\/p6id8p-kGl","_links":{"self":[{"href":"https:\/\/formalprision.com\/index.php?rest_route=\/wp\/v2\/posts\/79505","targetHints":{"allow":["GET"]}}],"collection":[{"href":"https:\/\/formalprision.com\/index.php?rest_route=\/wp\/v2\/posts"}],"about":[{"href":"https:\/\/formalprision.com\/index.php?rest_route=\/wp\/v2\/types\/post"}],"author":[{"embeddable":true,"href":"https:\/\/formalprision.com\/index.php?rest_route=\/wp\/v2\/users\/1"}],"replies":[{"embeddable":true,"href":"https:\/\/formalprision.com\/index.php?rest_route=%2Fwp%2Fv2%2Fcomments&post=79505"}],"version-history":[{"count":0,"href":"https:\/\/formalprision.com\/index.php?rest_route=\/wp\/v2\/posts\/79505\/revisions"}],"wp:featuredmedia":[{"embeddable":true,"href":"https:\/\/formalprision.com\/index.php?rest_route=\/wp\/v2\/media\/79506"}],"wp:attachment":[{"href":"https:\/\/formalprision.com\/index.php?rest_route=%2Fwp%2Fv2%2Fmedia&parent=79505"}],"wp:term":[{"taxonomy":"category","embeddable":true,"href":"https:\/\/formalprision.com\/index.php?rest_route=%2Fwp%2Fv2%2Fcategories&post=79505"},{"taxonomy":"post_tag","embeddable":true,"href":"https:\/\/formalprision.com\/index.php?rest_route=%2Fwp%2Fv2%2Ftags&post=79505"}],"curies":[{"name":"wp","href":"https:\/\/api.w.org\/{rel}","templated":true}]}}