{"id":7951,"date":"2011-08-22T23:21:00","date_gmt":"2011-08-22T23:21:00","guid":{"rendered":"http:\/\/formalprision.info\/2011\/08\/22\/confirman-movilizacion-por-falsa-alarma\/"},"modified":"2015-06-03T08:55:54","modified_gmt":"2015-06-03T08:55:54","slug":"confirman-movilizacion-por-falsa-alarma","status":"publish","type":"post","link":"https:\/\/formalprision.com\/?p=7951","title":{"rendered":"Confirman movilizaci\u00f3n por falsa alarma de grupo armado"},"content":{"rendered":"<p><a href=\"http:\/\/2.bp.blogspot.com\/-T1r__92R9VE\/TlNaJIxwYLI\/AAAAAAAAEDA\/WGBJtL5mqGY\/s1600\/saiden%2Bescudo.jpg\"><img decoding=\"async\" id=\"BLOGGER_PHOTO_ID_5643953871046860978\" style=\"FLOAT: left; MARGIN: 0px 10px 10px 0px; WIDTH: 320px; CURSOR: hand; HEIGHT: 228px\" alt=\"\" src=\"http:\/\/formalprision.com\/wp-content\/uploads\/2011\/08\/saiden-escudo1.jpg\" border=\"0\" \/><\/a><\/p>\n<div>Autoridades polic\u00edacas y militares confirmaron la movilizaci\u00f3n de esta tarde por varias poblaciones del interior del Estado.<\/div>\n<div>El reporte, seg\u00fan las fuentes, resulto falso, pero permiti\u00f3 evaluar satisfactoriamente la capacidad de respuesta y coordinaci\u00f3n de los cuerpos de seguridad estatales.<\/div>\n<div>Un alto funcionario militar dijo a este portal que la movilizaci\u00f3n se origin\u00f3 por una llamada telef\u00f3nica que alertaba de la presencia de sospechosos que viajaban en convoy en tres camionetas blindadas. <\/div>\n<div>De inmediato se mont\u00f3 un operativo en el que participaron el Ej\u00e9rcito, la Polic\u00eda Federal y la SSP estatal.<\/div>\n<div>La b\u00fasqueda se extendi\u00f3 por las v\u00edas que dan a la carretera de cuota a Canc\u00fan, pues el convoy fue reportado sobre esa zona.<\/p>\n<p>Nuestras fuentes precisaron que el reporte del sobrevuelo de la avioneta solo fue un distractor pues en estos casos los militares no revelan detalles a la gente para no generar angustia en la poblaci\u00f3n (Yucat\u00e1n Press)<\/p><\/div>\n","protected":false},"excerpt":{"rendered":"<p>Autoridades polic\u00edacas y militares confirmaron la movilizaci\u00f3n de esta tarde por varias poblaciones del interior del Estado. El reporte, seg\u00fan las fuentes, resulto falso, pero permiti\u00f3 evaluar satisfactoriamente la capacidad<\/p>\n","protected":false},"author":1,"featured_media":25934,"comment_status":"open","ping_status":"open","sticky":false,"template":"","format":"standard","meta":{"jetpack_post_was_ever_published":false,"_jetpack_newsletter_access":"","_jetpack_dont_email_post_to_subs":false,"_jetpack_newsletter_tier_id":0,"_jetpack_memberships_contains_paywalled_content":false,"_jetpack_memberships_contains_paid_content":false,"footnotes":"","jetpack_publicize_message":"","jetpack_publicize_feature_enabled":true,"jetpack_social_post_already_shared":false,"jetpack_social_options":{"image_generator_settings":{"template":"highway","default_image_id":0,"font":"","enabled":false},"version":2}},"categories":[3,1,49],"tags":[],"class_list":["post-7951","post","type-post","status-publish","format-standard","has-post-thumbnail","hentry","category-portada","category-sin-categoria","category-tocho-morocho"],"jetpack_publicize_connections":[],"jetpack_featured_media_url":"https:\/\/formalprision.com\/wp-content\/uploads\/2011\/08\/saiden-escudo1.jpg","jetpack_sharing_enabled":true,"jetpack_shortlink":"https:\/\/wp.me\/p6id8p-24f","_links":{"self":[{"href":"https:\/\/formalprision.com\/index.php?rest_route=\/wp\/v2\/posts\/7951","targetHints":{"allow":["GET"]}}],"collection":[{"href":"https:\/\/formalprision.com\/index.php?rest_route=\/wp\/v2\/posts"}],"about":[{"href":"https:\/\/formalprision.com\/index.php?rest_route=\/wp\/v2\/types\/post"}],"author":[{"embeddable":true,"href":"https:\/\/formalprision.com\/index.php?rest_route=\/wp\/v2\/users\/1"}],"replies":[{"embeddable":true,"href":"https:\/\/formalprision.com\/index.php?rest_route=%2Fwp%2Fv2%2Fcomments&post=7951"}],"version-history":[{"count":0,"href":"https:\/\/formalprision.com\/index.php?rest_route=\/wp\/v2\/posts\/7951\/revisions"}],"wp:featuredmedia":[{"embeddable":true,"href":"https:\/\/formalprision.com\/index.php?rest_route=\/wp\/v2\/media\/25934"}],"wp:attachment":[{"href":"https:\/\/formalprision.com\/index.php?rest_route=%2Fwp%2Fv2%2Fmedia&parent=7951"}],"wp:term":[{"taxonomy":"category","embeddable":true,"href":"https:\/\/formalprision.com\/index.php?rest_route=%2Fwp%2Fv2%2Fcategories&post=7951"},{"taxonomy":"post_tag","embeddable":true,"href":"https:\/\/formalprision.com\/index.php?rest_route=%2Fwp%2Fv2%2Ftags&post=7951"}],"curies":[{"name":"wp","href":"https:\/\/api.w.org\/{rel}","templated":true}]}}