{"id":79514,"date":"2020-07-15T01:39:44","date_gmt":"2020-07-15T06:39:44","guid":{"rendered":"http:\/\/formalprision.com\/?p=79514"},"modified":"2020-07-15T23:41:28","modified_gmt":"2020-07-16T04:41:28","slug":"captan-intercambio-de-cadaveres-del-imss-en-calles-de-merida","status":"publish","type":"post","link":"https:\/\/formalprision.com\/?p=79514","title":{"rendered":"Captan intercambio de cad\u00e1veres del IMSS en calles de M\u00e9rida"},"content":{"rendered":"\n<p>A trav\u00e9s de redes sociales, un joven capt\u00f3 el momento cuando dos camionetas del Instituto Mexicano del Seguro Social (<strong>IMSS<\/strong>) intercambiaban<strong>&nbsp;cad\u00e1veres<\/strong>&nbsp;en plena v\u00eda p\u00fablica en&nbsp;<strong>M\u00e9rida<\/strong>,&nbsp;<strong>Yucat\u00e1n<\/strong>.<\/p>\n\n\n\n<p>En la grabaci\u00f3n, compartida a trav\u00e9s de Facebook, se aprecia que las camionetas con los logotipos del&nbsp;<strong>velatorio<\/strong>&nbsp;del IMSS se estacionaron sobre la calle 14 por 19 y 21, de la colonia Amalia S\u00f3lorzano en M\u00e9rida.<\/p>\n\n\n\n<p>El usuario se\u00f1al\u00f3 que los funcionarios&nbsp;<strong>intercambiaron los cad\u00e1veres<\/strong>&nbsp;sin ning\u00fan protocolo o cuidado pese a la&nbsp;<strong>pandemia<\/strong>&nbsp;de<strong>COVID-19<\/strong>&nbsp;que existe, por lo que denunci\u00f3 que podr\u00eda haber peligro de contagio.<\/p>\n\n\n\n<p>En el<strong>&nbsp;video<\/strong>&nbsp;se aprecia que un par de trabajadores, envueltos en trajes de seguridad sanitario color azul, pasan un cad\u00e1ver de una camioneta a otra en la v\u00eda p\u00fablica.<\/p>\n\n\n\n<p>A su vez, una de la camionetas se estaciona en sentido contrario de la vialidad para que los veh\u00edculos permanecieran con sus cajuelas frente a frente.<\/p>\n\n\n\n<p>Y, debido a su posici\u00f3n, se puede ver que una de esas camionetas tienen el logo del IMSS, as\u00ed como la placa YU-4854-A perteneciente al estado de Yucat\u00e1n.<\/p>\n\n\n\n<p>Por eso, el joven que grab\u00f3 el video confront\u00f3 a los trabajadores y les dijo que al terminar de hacer sus labores ten\u00edan que&nbsp;<strong>sanitizar el lugar<\/strong>; pero, se negaron pues dijeron que no les correspond\u00eda.<\/p>\n\n\n\n<h3 class=\"wp-block-heading\">IMSS responde<\/h3>\n\n\n\n<p>De acuerdo con la&nbsp;<strong>Oficina de Representaci\u00f3n Yucat\u00e1n,&nbsp;<\/strong>las im\u00e1genes difundidas corresponden al traslado de dos cuerpos que iban en trayecto para llevar a cabo el proceso funerario correspondiente; sin embargo, durante esta diligencia la unidad sufri\u00f3 una falla mec\u00e1nica que amerit\u00f3 el apoyo de otro veh\u00edculo f\u00fanebre para finalizar el procedimiento.<\/p>\n\n\n\n<p>Recalcaron que es importante informar que en todo momento los trabajadores cumplieron con su deber en apego a los protocolos sanitarios establecidos para el manejo y traslado de cad\u00e1veres, sin poner en riesgo la seguridad de los ciudadanos.<\/p>\n\n\n\n<p>Finalmente, aseguraron que el velatorio del Seguro Social en Yucat\u00e1n trabaja bajo procesos estrat\u00e9gicos institucionales sanitarios para brindar un servicio con calidad, respeto y compromiso con cada uno de los derechohabientes y usuarios de los servicios funerarios. (reporteindigo. com)&nbsp;<\/p>\n","protected":false},"excerpt":{"rendered":"<p>A trav\u00e9s de redes sociales, un joven capt\u00f3 el momento cuando dos camionetas del Instituto Mexicano del Seguro Social (IMSS) intercambiaban&nbsp;cad\u00e1veres&nbsp;en plena v\u00eda p\u00fablica en&nbsp;M\u00e9rida,&nbsp;Yucat\u00e1n. En la grabaci\u00f3n, compartida a<\/p>\n","protected":false},"author":1,"featured_media":79515,"comment_status":"open","ping_status":"open","sticky":false,"template":"","format":"standard","meta":{"jetpack_post_was_ever_published":false,"_jetpack_newsletter_access":"","_jetpack_dont_email_post_to_subs":false,"_jetpack_newsletter_tier_id":0,"_jetpack_memberships_contains_paywalled_content":false,"_jetpack_memberships_contains_paid_content":false,"footnotes":"","jetpack_publicize_message":"Dos camionetas del velatorio del IMSS se estacionaron en la colonia Amalia S\u00f3lorzano e intercambiaron los cad\u00e1veres sin ning\u00fan protocolo o cuidado pese a la pandemia de COVID-19 que existe\n\n","jetpack_publicize_feature_enabled":true,"jetpack_social_post_already_shared":true,"jetpack_social_options":{"image_generator_settings":{"template":"highway","default_image_id":0,"font":"","enabled":false},"version":2}},"categories":[54],"tags":[],"class_list":["post-79514","post","type-post","status-publish","format-standard","has-post-thumbnail","hentry","category-yucatan"],"jetpack_publicize_connections":[],"jetpack_featured_media_url":"https:\/\/formalprision.com\/wp-content\/uploads\/2020\/07\/Screenshot_20200715_013534.jpg","jetpack_sharing_enabled":true,"jetpack_shortlink":"https:\/\/wp.me\/p6id8p-kGu","_links":{"self":[{"href":"https:\/\/formalprision.com\/index.php?rest_route=\/wp\/v2\/posts\/79514","targetHints":{"allow":["GET"]}}],"collection":[{"href":"https:\/\/formalprision.com\/index.php?rest_route=\/wp\/v2\/posts"}],"about":[{"href":"https:\/\/formalprision.com\/index.php?rest_route=\/wp\/v2\/types\/post"}],"author":[{"embeddable":true,"href":"https:\/\/formalprision.com\/index.php?rest_route=\/wp\/v2\/users\/1"}],"replies":[{"embeddable":true,"href":"https:\/\/formalprision.com\/index.php?rest_route=%2Fwp%2Fv2%2Fcomments&post=79514"}],"version-history":[{"count":0,"href":"https:\/\/formalprision.com\/index.php?rest_route=\/wp\/v2\/posts\/79514\/revisions"}],"wp:featuredmedia":[{"embeddable":true,"href":"https:\/\/formalprision.com\/index.php?rest_route=\/wp\/v2\/media\/79515"}],"wp:attachment":[{"href":"https:\/\/formalprision.com\/index.php?rest_route=%2Fwp%2Fv2%2Fmedia&parent=79514"}],"wp:term":[{"taxonomy":"category","embeddable":true,"href":"https:\/\/formalprision.com\/index.php?rest_route=%2Fwp%2Fv2%2Fcategories&post=79514"},{"taxonomy":"post_tag","embeddable":true,"href":"https:\/\/formalprision.com\/index.php?rest_route=%2Fwp%2Fv2%2Ftags&post=79514"}],"curies":[{"name":"wp","href":"https:\/\/api.w.org\/{rel}","templated":true}]}}