{"id":79517,"date":"2020-07-15T01:56:42","date_gmt":"2020-07-15T06:56:42","guid":{"rendered":"http:\/\/formalprision.com\/?p=79517"},"modified":"2020-07-15T01:56:45","modified_gmt":"2020-07-15T06:56:45","slug":"aun-en-medio-de-la-crisis-economica-el-ayuntamiento-seguira-dando-el-maximo-esfuerzo","status":"publish","type":"post","link":"https:\/\/formalprision.com\/?p=79517","title":{"rendered":"Aun en medio de la crisis econ\u00f3mica, el Ayuntamiento seguir\u00e1 dando el m\u00e1ximo esfuerzo"},"content":{"rendered":"\n<p>M\u00e9rida, 14 de julio de 2020.&nbsp; La compleja situaci\u00f3n econ\u00f3mica que enfrentamos no es motivo de pausa para que este Ayuntamiento contin\u00fae ejerciendo el bien com\u00fan en cada obra o servicio p\u00fablico que entregamos o ponemos en marcha para M\u00e9rida, enfatiz\u00f3 el alcalde Ren\u00e1n Barrera Concha.<\/p>\n\n\n\n<p>Al encabezar la sesi\u00f3n del Consejo Municipal de Presupuesto de M\u00e9rida, que se llev\u00f3 a cabo de manera virtual, el Mun\u00edcipe se\u00f1al\u00f3 ante integrantes de este comit\u00e9 que el Ayuntamiento continuar\u00e1 dando su mayor esfuerzo para trabajar en cada rinc\u00f3n de la ciudad, llevando servicios y obra p\u00fablica con los recursos de los que dispone.<\/p>\n\n\n\n<p>\u2014Yo lo que les quiero garantizar y asegurar es que, como Ayuntamiento, no vamos a dejar de dar la calidad de servicios que como ciudad estamos necesitando por parte de la autoridad municipal\u2014continu\u00f3.<\/p>\n\n\n\n<p>Anticip\u00f3 que ser\u00e1 necesario priorizar de nuevo las acciones requeridas para el buen funcionamiento de la ciudad y para apoyar al mayor n\u00famero posible de personas.<\/p>\n\n\n\n<p>Durante la sesi\u00f3n, se inform\u00f3 que la afectaci\u00f3n al no contar con el empr\u00e9stito de 400 millones de pesos se ver\u00e1 en la suspensi\u00f3n de eventos y actividades culturales, art\u00edsticas y deportivas, as\u00ed como ferias, exposiciones y promoci\u00f3n tur\u00edstica de M\u00e9rida, adem\u00e1s de la reducci\u00f3n del gasto operativo en obras y servicios p\u00fablicos, gasto administrativo, operatividad de centros culturales, inversi\u00f3n en paneles solares, fondos municipales para las artes, entre otros.<\/p>\n\n\n\n<p>El edil manifest\u00f3 que sin ese financiamiento se complica la reactivaci\u00f3n de la econom\u00eda local como consecuencia de la ca\u00edda de las ventas en comercios y negocios, as\u00ed como el necesario confinamiento de la poblaci\u00f3n y el cierre de actividades financieras no esenciales.<\/p>\n\n\n\n<p>\u2014Todo esto se ha traducido en un desplome generalizado de los ingresos, con el consiguiente problema de liquidez para ciudadanos y empresas \u2014dijo.<\/p>\n\n\n\n<p>En su intervenci\u00f3n, el presidente de Canacintra Yucat\u00e1n, Alberto Abraham Xacur, lament\u00f3 la negativa de algunos legisladores al empr\u00e9stito que solicit\u00f3 el Ayuntamiento y ofreci\u00f3 al alcalde su respaldo irrestricto para trabajar de la mano de la autoridad y salir delante de esta crisis econ\u00f3mica.<\/p>\n\n\n\n<p>\u2014El Ayuntamiento cumpli\u00f3 con todo lo necesario y ten\u00eda todas las facultades para que el empr\u00e9stito fuera aprobado, han demostrado ser transparentes en el uso de los recursos, no sabemos en base a qu\u00e9 intereses votaron en contra\u2014expres\u00f3.<\/p>\n\n\n\n<p>Ante esta situaci\u00f3n, expres\u00f3, tengan la confianza de que nosotros como iniciativa privada nos sumaremos para apoyar a la ciudad a superar esta fuerte crisis econ\u00f3mica que sigue lastimando a toda la poblaci\u00f3n.<\/p>\n\n\n\n<p>Barrera Concha se\u00f1al\u00f3 que esta no ha sido la primera vez en la que como gobierno m\u00e1s cercano a la poblaci\u00f3n se han enfrentado a obst\u00e1culos a su labor y asegur\u00f3 que actuar\u00e1 con prudencia, amplia responsabilidad y criterio social.<\/p>\n\n\n\n<p>Remarc\u00f3 que todas las acciones y programas futuros se har\u00e1n con mucha creatividad y consenso.<\/p>\n\n\n\n<p>\u2014Ninguna decisi\u00f3n se tomar\u00e1 de manera solitaria porque estamos seguros que las mejores decisiones son las que privilegian las coincidencias y el trabajo en equipo \u2014abund\u00f3.<\/p>\n\n\n\n<p>Subray\u00f3 que este Ayuntamiento tiene el firme prop\u00f3sito de continuar el desarrollo integral del Municipio, impulsando la generaci\u00f3n de empleo y favoreciendo el bienestar social y econ\u00f3mico de la poblaci\u00f3n en la medida que los recursos lo permitan.<\/p>\n\n\n\n<p>\u2014Hoy nos necesitamos todos para que podamos estar en las mejores condiciones de construir y aportar para poder ir navegando sobre esta circunstancia que nos obliga a tomar ciertos golpes de tim\u00f3n en los planes originales que ten\u00edamos\u2014enfatiz\u00f3.<\/p>\n\n\n\n<p>En la sesi\u00f3n, el Concejal tambi\u00e9n resalt\u00f3 el reconocimiento a nivel nacional que tuvieron los programas emergentes fiscales y econ\u00f3micos a consecuencia de COVID19 que se aplicaron en apoyo a la ciudadan\u00eda, y que pr\u00e1cticamente concluyeron en junio.<\/p>\n\n\n\n<p>\u2014Esto coloc\u00f3 a M\u00e9rida como ejemplo de transparencia en el pa\u00eds al obtener, junto con Colima, el primer lugar entre todas las capitales del pa\u00eds por ofrecer informaci\u00f3n proactiva sobre gastos realizados a causa de la pandemia, de acuerdo con una evaluaci\u00f3n del colectivo Ciudadanos por Municipios Transparentes (CIMTRA).<\/p>\n\n\n\n<p>Asimismo, otros reconocimientos que ha obtenido M\u00e9rida este a\u00f1o es su ubicaci\u00f3n en los primeros lugares en el ranking de municipios y alcald\u00edas que participaron en el Diagn\u00f3stico del Presupuesto basado en Resultados y el Sistema de Evaluaci\u00f3n de Desempe\u00f1o 2020 que realiz\u00f3 la Secretar\u00eda de Hacienda y Cr\u00e9dito P\u00fablico.<\/p>\n\n\n\n<p>Adem\u00e1s, el pasado 9 de julio de 2020, S&amp;P Global Ratings confirm\u00f3 su calificaci\u00f3n crediticia de emisor de largo plazo en escala nacional -CaVal-de &#8216;mxAA&#8217; del Municipio de M\u00e9rida, con una perspectiva es estable. (Comunicado de Prensa) <\/p>\n","protected":false},"excerpt":{"rendered":"<p>M\u00e9rida, 14 de julio de 2020.&nbsp; La compleja situaci\u00f3n econ\u00f3mica que enfrentamos no es motivo de pausa para que este Ayuntamiento contin\u00fae ejerciendo el bien com\u00fan en cada obra o<\/p>\n","protected":false},"author":1,"featured_media":79518,"comment_status":"open","ping_status":"open","sticky":false,"template":"","format":"standard","meta":{"jetpack_post_was_ever_published":false,"_jetpack_newsletter_access":"","_jetpack_dont_email_post_to_subs":false,"_jetpack_newsletter_tier_id":0,"_jetpack_memberships_contains_paywalled_content":false,"_jetpack_memberships_contains_paid_content":false,"footnotes":"","jetpack_publicize_message":"El alcalde agradece el apoyo de la sociedad y el acompa\u00f1amiento del Consejo Municipal de Presupuesto de M\u00e9rida","jetpack_publicize_feature_enabled":true,"jetpack_social_post_already_shared":true,"jetpack_social_options":{"image_generator_settings":{"template":"highway","default_image_id":0,"font":"","enabled":false},"version":2}},"categories":[14],"tags":[],"class_list":["post-79517","post","type-post","status-publish","format-standard","has-post-thumbnail","hentry","category-merida"],"jetpack_publicize_connections":[],"jetpack_featured_media_url":"https:\/\/formalprision.com\/wp-content\/uploads\/2020\/07\/WhatsApp-Image-2020-07-14-at-4.38.01-PM.jpeg","jetpack_sharing_enabled":true,"jetpack_shortlink":"https:\/\/wp.me\/p6id8p-kGx","_links":{"self":[{"href":"https:\/\/formalprision.com\/index.php?rest_route=\/wp\/v2\/posts\/79517","targetHints":{"allow":["GET"]}}],"collection":[{"href":"https:\/\/formalprision.com\/index.php?rest_route=\/wp\/v2\/posts"}],"about":[{"href":"https:\/\/formalprision.com\/index.php?rest_route=\/wp\/v2\/types\/post"}],"author":[{"embeddable":true,"href":"https:\/\/formalprision.com\/index.php?rest_route=\/wp\/v2\/users\/1"}],"replies":[{"embeddable":true,"href":"https:\/\/formalprision.com\/index.php?rest_route=%2Fwp%2Fv2%2Fcomments&post=79517"}],"version-history":[{"count":0,"href":"https:\/\/formalprision.com\/index.php?rest_route=\/wp\/v2\/posts\/79517\/revisions"}],"wp:featuredmedia":[{"embeddable":true,"href":"https:\/\/formalprision.com\/index.php?rest_route=\/wp\/v2\/media\/79518"}],"wp:attachment":[{"href":"https:\/\/formalprision.com\/index.php?rest_route=%2Fwp%2Fv2%2Fmedia&parent=79517"}],"wp:term":[{"taxonomy":"category","embeddable":true,"href":"https:\/\/formalprision.com\/index.php?rest_route=%2Fwp%2Fv2%2Fcategories&post=79517"},{"taxonomy":"post_tag","embeddable":true,"href":"https:\/\/formalprision.com\/index.php?rest_route=%2Fwp%2Fv2%2Ftags&post=79517"}],"curies":[{"name":"wp","href":"https:\/\/api.w.org\/{rel}","templated":true}]}}