{"id":79543,"date":"2020-07-16T03:31:13","date_gmt":"2020-07-16T08:31:13","guid":{"rendered":"http:\/\/formalprision.com\/?p=79543"},"modified":"2020-07-17T21:08:43","modified_gmt":"2020-07-18T02:08:43","slug":"depravado-vecino-de-uman-abusa-tres-dias-seguidos-de-su-propia-hija","status":"publish","type":"post","link":"https:\/\/formalprision.com\/?p=79543","title":{"rendered":"Depravado vecino de Um\u00e1n abusa tres d\u00edas seguidos de su propia hija"},"content":{"rendered":"\n<p>Un vecino de Um\u00e1n fue detenido, imputado y vinculado a proceso por abusar de su propia hija durante el confinamiento.<\/p>\n\n\n\n<p>&nbsp;J.M.C.E. est\u00e1 acusado de los delitos de violaci\u00f3n equiparada agravada y abuso sexual agravado, en agravio de la menor de edad de identidad&nbsp; reservada.<\/p>\n\n\n\n<p>De acuerdo con lo reunido en la causa penal 41\/2020, los hechos tuvieron lugar el&nbsp;pasado tres de julio, cuando el imputado llev\u00f3 a su hija, a un domicilio en un fraccionamiento de Um\u00e1n y ah\u00ed abus\u00f3 de ella.&nbsp;<\/p>\n\n\n\n<p>No conforme, el sujeto hizo lo mismo losdos d\u00edas&nbsp; siguientes, pero en la \u00faltima acci\u00f3n fue descubierto por otro familiar, lo que permiti\u00f3 su captura.&nbsp;<\/p>\n\n\n\n<p>En audiencia celebrada en el Juzgado Primero de Control del Cuarto Distrito Judicial, se decret\u00f3 el auto de vinculaci\u00f3n y el juzgador otorg\u00f3 un plazo de tres meses para el cierre de investigaci\u00f3n complementaria.Se orfeno prisi\u00f3n preventiva contra el sujeto&nbsp; durante todo el tiempo que dure el proceso.<\/p>\n","protected":false},"excerpt":{"rendered":"<p>Un vecino de Um\u00e1n fue detenido, imputado y vinculado a proceso por abusar de su propia hija durante el confinamiento. &nbsp;J.M.C.E. est\u00e1 acusado de los delitos de violaci\u00f3n equiparada agravada<\/p>\n","protected":false},"author":1,"featured_media":72070,"comment_status":"open","ping_status":"open","sticky":false,"template":"","format":"standard","meta":{"jetpack_post_was_ever_published":false,"_jetpack_newsletter_access":"","_jetpack_dont_email_post_to_subs":false,"_jetpack_newsletter_tier_id":0,"_jetpack_memberships_contains_paywalled_content":false,"_jetpack_memberships_contains_paid_content":false,"footnotes":"","jetpack_publicize_message":"La cuarentena le sac\u00f3 el volador que llevaba dentro, pero por fortuna fue descubierto a la tercera vez, lo que permiti\u00f3 su captura","jetpack_publicize_feature_enabled":true,"jetpack_social_post_already_shared":true,"jetpack_social_options":{"image_generator_settings":{"template":"highway","default_image_id":0,"font":"","enabled":false},"version":2}},"categories":[3,55],"tags":[],"class_list":["post-79543","post","type-post","status-publish","format-standard","has-post-thumbnail","hentry","category-portada","category-violines"],"jetpack_publicize_connections":[],"jetpack_featured_media_url":"https:\/\/formalprision.com\/wp-content\/uploads\/2019\/04\/IMG_3830-1.jpg","jetpack_sharing_enabled":true,"jetpack_shortlink":"https:\/\/wp.me\/p6id8p-kGX","_links":{"self":[{"href":"https:\/\/formalprision.com\/index.php?rest_route=\/wp\/v2\/posts\/79543","targetHints":{"allow":["GET"]}}],"collection":[{"href":"https:\/\/formalprision.com\/index.php?rest_route=\/wp\/v2\/posts"}],"about":[{"href":"https:\/\/formalprision.com\/index.php?rest_route=\/wp\/v2\/types\/post"}],"author":[{"embeddable":true,"href":"https:\/\/formalprision.com\/index.php?rest_route=\/wp\/v2\/users\/1"}],"replies":[{"embeddable":true,"href":"https:\/\/formalprision.com\/index.php?rest_route=%2Fwp%2Fv2%2Fcomments&post=79543"}],"version-history":[{"count":0,"href":"https:\/\/formalprision.com\/index.php?rest_route=\/wp\/v2\/posts\/79543\/revisions"}],"wp:featuredmedia":[{"embeddable":true,"href":"https:\/\/formalprision.com\/index.php?rest_route=\/wp\/v2\/media\/72070"}],"wp:attachment":[{"href":"https:\/\/formalprision.com\/index.php?rest_route=%2Fwp%2Fv2%2Fmedia&parent=79543"}],"wp:term":[{"taxonomy":"category","embeddable":true,"href":"https:\/\/formalprision.com\/index.php?rest_route=%2Fwp%2Fv2%2Fcategories&post=79543"},{"taxonomy":"post_tag","embeddable":true,"href":"https:\/\/formalprision.com\/index.php?rest_route=%2Fwp%2Fv2%2Ftags&post=79543"}],"curies":[{"name":"wp","href":"https:\/\/api.w.org\/{rel}","templated":true}]}}