{"id":79558,"date":"2020-07-17T20:01:06","date_gmt":"2020-07-18T01:01:06","guid":{"rendered":"http:\/\/formalprision.com\/?p=79558"},"modified":"2020-07-18T19:45:52","modified_gmt":"2020-07-19T00:45:52","slug":"viernes-de-32-muertes-y-119-nuevos-contagios-en-yucatan","status":"publish","type":"post","link":"https:\/\/formalprision.com\/?p=79558","title":{"rendered":"Viernes de 32 muertes y 119 nuevos contagios en Yucat\u00e1n"},"content":{"rendered":"\n<p class=\"wp-block-paragraph\">Este viernes 17 de julio se reportan 32 fallecidos y 119 nuevos contagios de Covid-19.<\/p>\n\n\n\n<p class=\"wp-block-paragraph\">De los nuevos contagios, 64 fueron en M\u00e9rida,&nbsp;15 en Valladolid, 12&nbsp;en Ticul, 5&nbsp;en Kanas\u00edn, 4&nbsp;en Tizim\u00edn y Um\u00e1n, tambi\u00e9n 4&nbsp;for\u00e1neos; 2&nbsp;en Peto, y 1&nbsp;e n Chankom, Hoct\u00fan, Hunucm\u00e1, Opich\u00e9n, Progreso, Tekax, Tzucacab, Uayma y Uc\u00fa.<\/p>\n\n\n\n<p class=\"wp-block-paragraph\">En total, ya son 7,073 casos positivos, de los que a&nbsp;M\u00e9rida corresponden 3,859 personas (casos acumulados al 15 de julio), que viven en:<\/p>\n\n\n\n<p class=\"wp-block-paragraph\">1,314 en la zona Nor poniente, 1,010 en el Nororiente, 738 en el Sur Poniente, 426 en el Suroriente, y&nbsp;371 en el&nbsp; Centro.<\/p>\n\n\n\n<p class=\"wp-block-paragraph\">Asimismo, ya son 769 las personas fallecidas, lo que representa el 10.85% del total de casos<\/p>\n\n\n\n<p class=\"wp-block-paragraph\">Van 14 d\u00edas seguidos con 15 o m\u00e1s muertos y 23 jornadas consecutivas con m\u00e1s de 10 decesos.&nbsp;<\/p>\n\n\n\n<p class=\"wp-block-paragraph\">Los decesos ocurrieron de la siguiente manera:<\/p>\n\n\n\n<p class=\"wp-block-paragraph\">1.- Masculino 67 a\u00f1os de M\u00e9rida&nbsp;&nbsp;&nbsp;&nbsp;&nbsp;&nbsp;&nbsp;&nbsp;&nbsp;&nbsp;&nbsp;&nbsp;&nbsp;&nbsp;&nbsp;&nbsp;&nbsp;&nbsp;&nbsp;&nbsp;&nbsp;&nbsp;&nbsp;&nbsp;&nbsp; DM\/HAS<\/p>\n\n\n\n<p class=\"wp-block-paragraph\">2.- Masculino 74 a\u00f1os de Hoct\u00fan&nbsp;&nbsp;&nbsp;&nbsp;&nbsp;&nbsp;&nbsp;&nbsp;&nbsp;&nbsp;&nbsp;&nbsp;&nbsp;&nbsp;&nbsp;&nbsp;&nbsp;&nbsp;&nbsp;&nbsp;&nbsp;&nbsp;&nbsp;&nbsp;&nbsp; Sin comorbilidades&nbsp;<\/p>\n\n\n\n<p class=\"wp-block-paragraph\">3.- Masculino 53 a\u00f1os de M\u00e9rida&nbsp;&nbsp;&nbsp;&nbsp;&nbsp;&nbsp;&nbsp;&nbsp;&nbsp;&nbsp;&nbsp;&nbsp;&nbsp;&nbsp;&nbsp;&nbsp;&nbsp;&nbsp;&nbsp;&nbsp;&nbsp;&nbsp;&nbsp;&nbsp;&nbsp; DM\/HAS<\/p>\n\n\n\n<p class=\"wp-block-paragraph\">4.- Masculino 75 a\u00f1os de Um\u00e1n&nbsp;&nbsp;&nbsp;&nbsp;&nbsp;&nbsp;&nbsp;&nbsp;&nbsp;&nbsp;&nbsp;&nbsp;&nbsp;&nbsp;&nbsp;&nbsp;&nbsp;&nbsp;&nbsp;&nbsp;&nbsp;&nbsp;&nbsp;&nbsp;&nbsp;&nbsp;&nbsp; HAS<\/p>\n\n\n\n<p class=\"wp-block-paragraph\">5.- Femenino 83 a\u00f1os de M\u00e9rida&nbsp;&nbsp;&nbsp;&nbsp;&nbsp;&nbsp;&nbsp;&nbsp;&nbsp;&nbsp;&nbsp;&nbsp;&nbsp;&nbsp;&nbsp;&nbsp;&nbsp;&nbsp;&nbsp;&nbsp;&nbsp;&nbsp;&nbsp;&nbsp;&nbsp;&nbsp; HAS&nbsp;<\/p>\n\n\n\n<p class=\"wp-block-paragraph\">6.- Masculino 67 a\u00f1os de Tabasco&nbsp;&nbsp;&nbsp;&nbsp;&nbsp;&nbsp;&nbsp;&nbsp;&nbsp;&nbsp;&nbsp;&nbsp;&nbsp;&nbsp;&nbsp;&nbsp;&nbsp;&nbsp;&nbsp;&nbsp;&nbsp;&nbsp;&nbsp; Obesidad<\/p>\n\n\n\n<p class=\"wp-block-paragraph\">7.- Femenino 68 a\u00f1os de Cuzam\u00e1&nbsp;&nbsp;&nbsp;&nbsp;&nbsp;&nbsp;&nbsp;&nbsp;&nbsp;&nbsp;&nbsp;&nbsp;&nbsp;&nbsp;&nbsp;&nbsp;&nbsp;&nbsp;&nbsp;&nbsp;&nbsp;&nbsp;&nbsp;&nbsp; HAS<\/p>\n\n\n\n<p class=\"wp-block-paragraph\">8.- Masculino 72 a\u00f1os de Ticul&nbsp;&nbsp;&nbsp;&nbsp;&nbsp;&nbsp;&nbsp;&nbsp;&nbsp;&nbsp;&nbsp;&nbsp;&nbsp;&nbsp;&nbsp;&nbsp;&nbsp;&nbsp;&nbsp;&nbsp;&nbsp;&nbsp;&nbsp;&nbsp;&nbsp;&nbsp;&nbsp;&nbsp;&nbsp;&nbsp; Sin comorbilidades&nbsp;&nbsp;<\/p>\n\n\n\n<p class=\"wp-block-paragraph\">9.- Masculino 69 a\u00f1os de Progreso&nbsp;&nbsp;&nbsp;&nbsp;&nbsp;&nbsp;&nbsp;&nbsp;&nbsp;&nbsp;&nbsp;&nbsp;&nbsp;&nbsp;&nbsp;&nbsp;&nbsp;&nbsp;&nbsp;&nbsp;&nbsp;&nbsp;&nbsp; Obesidad<\/p>\n\n\n\n<p class=\"wp-block-paragraph\">10.- Femenino 72 a\u00f1os de Kantunil&nbsp;&nbsp;&nbsp;&nbsp;&nbsp;&nbsp;&nbsp;&nbsp;&nbsp;&nbsp;&nbsp;&nbsp;&nbsp;&nbsp;&nbsp;&nbsp;&nbsp;&nbsp;&nbsp;&nbsp;&nbsp;&nbsp;&nbsp; HAS\/DM\/EPOC\/Obesidad&nbsp;&nbsp;&nbsp;&nbsp;&nbsp;&nbsp;&nbsp;&nbsp;&nbsp;&nbsp;<\/p>\n\n\n\n<p class=\"wp-block-paragraph\">11.- Masculino 54 a\u00f1os de Um\u00e1n&nbsp;&nbsp;&nbsp;&nbsp;&nbsp;&nbsp;&nbsp;&nbsp;&nbsp;&nbsp;&nbsp;&nbsp;&nbsp;&nbsp;&nbsp;&nbsp;&nbsp;&nbsp;&nbsp;&nbsp;&nbsp;&nbsp;&nbsp;&nbsp;&nbsp;&nbsp; Sin comorbilidades&nbsp;<\/p>\n\n\n\n<p class=\"wp-block-paragraph\">12.- Masculino 47 a\u00f1os de M\u00e9rida&nbsp;&nbsp;&nbsp;&nbsp;&nbsp;&nbsp;&nbsp;&nbsp;&nbsp;&nbsp;&nbsp;&nbsp;&nbsp;&nbsp;&nbsp;&nbsp;&nbsp;&nbsp;&nbsp;&nbsp;&nbsp;&nbsp;&nbsp;&nbsp;&nbsp; Obesidad<\/p>\n\n\n\n<p class=\"wp-block-paragraph\">13.- Femenino 59 a\u00f1os de Tekax&nbsp;&nbsp;&nbsp;&nbsp;&nbsp;&nbsp;&nbsp;&nbsp;&nbsp;&nbsp;&nbsp;&nbsp;&nbsp;&nbsp;&nbsp;&nbsp;&nbsp;&nbsp;&nbsp;&nbsp;&nbsp;&nbsp;&nbsp;&nbsp;&nbsp;&nbsp; Obesidad<\/p>\n\n\n\n<p class=\"wp-block-paragraph\">14.- Masculino 66 a\u00f1os de Calkin\u00ed&nbsp;&nbsp;&nbsp;&nbsp;&nbsp;&nbsp;&nbsp;&nbsp;&nbsp;&nbsp;&nbsp;&nbsp;&nbsp;&nbsp;&nbsp;&nbsp;&nbsp;&nbsp;&nbsp;&nbsp;&nbsp;&nbsp;&nbsp;&nbsp;&nbsp; HAS<\/p>\n\n\n\n<p class=\"wp-block-paragraph\">15.- Femenino 27 a\u00f1os de M\u00e9rida&nbsp;&nbsp;&nbsp;&nbsp;&nbsp;&nbsp;&nbsp;&nbsp;&nbsp;&nbsp;&nbsp;&nbsp;&nbsp;&nbsp;&nbsp;&nbsp;&nbsp;&nbsp;&nbsp;&nbsp;&nbsp;&nbsp;&nbsp;&nbsp;&nbsp; Obesidad<\/p>\n\n\n\n<p class=\"wp-block-paragraph\">16.- Femenino 50 a\u00f1os de Yaxcab\u00e1&nbsp;&nbsp;&nbsp;&nbsp;&nbsp;&nbsp;&nbsp;&nbsp;&nbsp;&nbsp;&nbsp;&nbsp;&nbsp;&nbsp;&nbsp;&nbsp;&nbsp;&nbsp;&nbsp;&nbsp;&nbsp;&nbsp; Sin comorbilidades&nbsp;&nbsp;&nbsp;<\/p>\n\n\n\n<p class=\"wp-block-paragraph\">17.- Masculino 75 a\u00f1os de M\u00e9rida&nbsp;&nbsp;&nbsp;&nbsp;&nbsp;&nbsp;&nbsp;&nbsp;&nbsp;&nbsp;&nbsp;&nbsp;&nbsp;&nbsp;&nbsp;&nbsp;&nbsp;&nbsp;&nbsp;&nbsp;&nbsp;&nbsp;&nbsp;&nbsp;&nbsp; Sin comorbilidades&nbsp;<\/p>\n\n\n\n<p class=\"wp-block-paragraph\">18.- Masculino 29 a\u00f1os de M\u00e9rida&nbsp;&nbsp;&nbsp;&nbsp;&nbsp;&nbsp;&nbsp;&nbsp;&nbsp;&nbsp;&nbsp;&nbsp;&nbsp;&nbsp;&nbsp;&nbsp;&nbsp;&nbsp;&nbsp;&nbsp;&nbsp;&nbsp;&nbsp;&nbsp;&nbsp; Obesidad<\/p>\n\n\n\n<p class=\"wp-block-paragraph\">19.- Masculino 47 a\u00f1os de Izamal&nbsp; &nbsp;&nbsp;&nbsp;&nbsp;&nbsp;&nbsp;&nbsp;&nbsp;&nbsp;&nbsp;&nbsp;&nbsp;&nbsp;&nbsp;&nbsp;&nbsp;&nbsp;&nbsp;&nbsp;&nbsp;&nbsp;&nbsp;&nbsp;&nbsp;HAS\/DM<\/p>\n\n\n\n<p class=\"wp-block-paragraph\">20.- Femenino 69 a\u00f1os de M\u00e9rida&nbsp;&nbsp;&nbsp;&nbsp;&nbsp;&nbsp;&nbsp;&nbsp;&nbsp;&nbsp;&nbsp;&nbsp;&nbsp;&nbsp;&nbsp;&nbsp;&nbsp;&nbsp;&nbsp;&nbsp;&nbsp;&nbsp;&nbsp;&nbsp;&nbsp; Sin comorbilidades&nbsp;&nbsp;<\/p>\n\n\n\n<p class=\"wp-block-paragraph\">21.- Masculino 71 a\u00f1os de M\u00e9rida&nbsp;&nbsp;&nbsp;&nbsp;&nbsp;&nbsp;&nbsp;&nbsp;&nbsp;&nbsp;&nbsp;&nbsp;&nbsp;&nbsp;&nbsp;&nbsp;&nbsp;&nbsp;&nbsp;&nbsp;&nbsp;&nbsp;&nbsp;&nbsp;&nbsp; DM<\/p>\n\n\n\n<p class=\"wp-block-paragraph\">22.- Femenino 65 a\u00f1os de M\u00e9rida&nbsp;&nbsp;&nbsp;&nbsp;&nbsp;&nbsp;&nbsp;&nbsp;&nbsp;&nbsp;&nbsp;&nbsp;&nbsp;&nbsp;&nbsp;&nbsp;&nbsp;&nbsp;&nbsp;&nbsp;&nbsp;&nbsp;&nbsp;&nbsp;&nbsp; DM\/Obesidad<\/p>\n\n\n\n<p class=\"wp-block-paragraph\">23.- Masculino 72 a\u00f1os de Baca&nbsp;&nbsp;&nbsp;&nbsp;&nbsp;&nbsp;&nbsp;&nbsp;&nbsp;&nbsp;&nbsp;&nbsp;&nbsp;&nbsp;&nbsp;&nbsp;&nbsp;&nbsp;&nbsp;&nbsp;&nbsp;&nbsp;&nbsp;&nbsp;&nbsp;&nbsp;&nbsp;&nbsp; DM\/HAS<\/p>\n\n\n\n<p class=\"wp-block-paragraph\">24.- Femenino 67 a\u00f1os de M\u00e9rida&nbsp;&nbsp;&nbsp;&nbsp;&nbsp;&nbsp;&nbsp;&nbsp;&nbsp;&nbsp;&nbsp;&nbsp;&nbsp;&nbsp;&nbsp;&nbsp;&nbsp;&nbsp;&nbsp;&nbsp;&nbsp;&nbsp;&nbsp;&nbsp;&nbsp; Obesidad<\/p>\n\n\n\n<p class=\"wp-block-paragraph\">25.- Masculino 54 a\u00f1os de Tizim\u00edn&nbsp;&nbsp;&nbsp;&nbsp;&nbsp;&nbsp;&nbsp;&nbsp;&nbsp;&nbsp;&nbsp;&nbsp;&nbsp;&nbsp;&nbsp;&nbsp;&nbsp;&nbsp;&nbsp;&nbsp;&nbsp;&nbsp;&nbsp;&nbsp;&nbsp; Inmunosupresi\u00f3n\/Obesidad<\/p>\n\n\n\n<p class=\"wp-block-paragraph\">26.- Masculino 45 a\u00f1os de M\u00e9rida&nbsp;&nbsp;&nbsp;&nbsp;&nbsp;&nbsp;&nbsp;&nbsp;&nbsp;&nbsp;&nbsp;&nbsp;&nbsp;&nbsp;&nbsp;&nbsp;&nbsp;&nbsp;&nbsp;&nbsp;&nbsp;&nbsp; &nbsp;&nbsp;&nbsp;&nbsp;Sin comorbilidades<\/p>\n\n\n\n<p class=\"wp-block-paragraph\">27.- Femenino 63 a\u00f1os de Kanas\u00edn&nbsp;&nbsp;&nbsp;&nbsp;&nbsp;&nbsp;&nbsp;&nbsp;&nbsp;&nbsp;&nbsp;&nbsp;&nbsp;&nbsp;&nbsp;&nbsp;&nbsp;&nbsp;&nbsp;&nbsp;&nbsp;&nbsp;&nbsp;&nbsp; DM\/HAS\/Asma<\/p>\n\n\n\n<p class=\"wp-block-paragraph\">28.- Masculino 64 a\u00f1os de M\u00e9rida&nbsp;&nbsp;&nbsp;&nbsp;&nbsp;&nbsp;&nbsp;&nbsp;&nbsp;&nbsp;&nbsp;&nbsp;&nbsp;&nbsp;&nbsp;&nbsp;&nbsp;&nbsp;&nbsp;&nbsp;&nbsp;&nbsp;&nbsp;&nbsp;&nbsp;&nbsp; DM\/HAS\/Asma<\/p>\n\n\n\n<p class=\"wp-block-paragraph\">29.- Masculino 82 a\u00f1os de M\u00e9rida&nbsp;&nbsp;&nbsp;&nbsp;&nbsp;&nbsp;&nbsp;&nbsp;&nbsp;&nbsp;&nbsp;&nbsp;&nbsp;&nbsp;&nbsp;&nbsp;&nbsp;&nbsp;&nbsp;&nbsp;&nbsp;&nbsp;&nbsp;&nbsp;&nbsp;&nbsp; EPOC&nbsp;<\/p>\n\n\n\n<p class=\"wp-block-paragraph\">30.- Femenino 72 a\u00f1os de M\u00e9rida&nbsp;&nbsp;&nbsp;&nbsp;&nbsp;&nbsp;&nbsp;&nbsp;&nbsp;&nbsp;&nbsp;&nbsp;&nbsp;&nbsp;&nbsp;&nbsp;&nbsp;&nbsp;&nbsp;&nbsp;&nbsp;&nbsp;&nbsp;&nbsp;&nbsp;&nbsp; DM\/HAS<\/p>\n\n\n\n<p class=\"wp-block-paragraph\">31.- Femenino 73 a\u00f1os de M\u00e9rida&nbsp;&nbsp;&nbsp;&nbsp;&nbsp;&nbsp;&nbsp;&nbsp;&nbsp;&nbsp;&nbsp;&nbsp;&nbsp;&nbsp;&nbsp;&nbsp;&nbsp;&nbsp;&nbsp;&nbsp;&nbsp;&nbsp;&nbsp;&nbsp;&nbsp;&nbsp; DM<\/p>\n\n\n\n<p class=\"wp-block-paragraph\">32.- Femenino 69 a\u00f1os de M\u00e9rida&nbsp;&nbsp;&nbsp;&nbsp;&nbsp;&nbsp;&nbsp;&nbsp;&nbsp;&nbsp;&nbsp;&nbsp;&nbsp;&nbsp;&nbsp;&nbsp;&nbsp;&nbsp;&nbsp;&nbsp;&nbsp;&nbsp;&nbsp;&nbsp;&nbsp;&nbsp; DM\/HAS\/Obesidad<\/p>\n\n\n\n<p class=\"wp-block-paragraph\">Al d\u00eda de hoy hay&nbsp;900 casos activos, de los que 489 est\u00e1n en sus casas y 411&nbsp;en los hospitales.&nbsp;<\/p>\n\n\n\n<p class=\"wp-block-paragraph\">El rango de edad de los casos confirmados es de 1 mes a 98 a\u00f1os.<\/p>\n","protected":false},"excerpt":{"rendered":"<p>Este viernes 17 de julio se reportan 32 fallecidos y 119 nuevos contagios de Covid-19. De los nuevos contagios, 64 fueron en M\u00e9rida,&nbsp;15 en Valladolid, 12&nbsp;en Ticul, 5&nbsp;en Kanas\u00edn, 4&nbsp;en<\/p>\n","protected":false},"author":1,"featured_media":79453,"comment_status":"open","ping_status":"open","sticky":false,"template":"","format":"standard","meta":{"_jetpack_newsletter_access":"","_jetpack_dont_email_post_to_subs":false,"_jetpack_newsletter_tier_id":0,"_jetpack_memberships_contains_paywalled_content":false,"_jetpack_feature_clip_id":0,"_jetpack_memberships_contains_paid_content":false,"footnotes":"","jetpack_publicize_message":"Van 14 d\u00edas seguidos con 15 o m\u00e1s muertos y 23 jornadas consecutivas con m\u00e1s de 10 decesos. Hay 900 personas con la enfermedad activa, 411 de ellas hospitalizadas ","jetpack_publicize_feature_enabled":true,"jetpack_social_post_already_shared":true,"jetpack_social_options":{"image_generator_settings":{"template":"highway","default_image_id":0,"font":"","enabled":false},"version":2},"jetpack_post_was_ever_published":false},"categories":[14],"tags":[],"class_list":["post-79558","post","type-post","status-publish","format-standard","has-post-thumbnail","hentry","category-merida"],"jetpack_publicize_connections":[],"jetpack_sharing_enabled":true,"jetpack_shortlink":"https:\/\/wp.me\/p6id8p-kHc","jetpack_featured_media_url":"https:\/\/formalprision.com\/wp-content\/uploads\/2020\/07\/image00004.jpeg","_links":{"self":[{"href":"https:\/\/formalprision.com\/index.php?rest_route=\/wp\/v2\/posts\/79558","targetHints":{"allow":["GET"]}}],"collection":[{"href":"https:\/\/formalprision.com\/index.php?rest_route=\/wp\/v2\/posts"}],"about":[{"href":"https:\/\/formalprision.com\/index.php?rest_route=\/wp\/v2\/types\/post"}],"author":[{"embeddable":true,"href":"https:\/\/formalprision.com\/index.php?rest_route=\/wp\/v2\/users\/1"}],"replies":[{"embeddable":true,"href":"https:\/\/formalprision.com\/index.php?rest_route=%2Fwp%2Fv2%2Fcomments&post=79558"}],"version-history":[{"count":0,"href":"https:\/\/formalprision.com\/index.php?rest_route=\/wp\/v2\/posts\/79558\/revisions"}],"wp:featuredmedia":[{"embeddable":true,"href":"https:\/\/formalprision.com\/index.php?rest_route=\/wp\/v2\/media\/79453"}],"wp:attachment":[{"href":"https:\/\/formalprision.com\/index.php?rest_route=%2Fwp%2Fv2%2Fmedia&parent=79558"}],"wp:term":[{"taxonomy":"category","embeddable":true,"href":"https:\/\/formalprision.com\/index.php?rest_route=%2Fwp%2Fv2%2Fcategories&post=79558"},{"taxonomy":"post_tag","embeddable":true,"href":"https:\/\/formalprision.com\/index.php?rest_route=%2Fwp%2Fv2%2Ftags&post=79558"}],"curies":[{"name":"wp","href":"https:\/\/api.w.org\/{rel}","templated":true}]}}