{"id":7962,"date":"2011-08-19T02:25:00","date_gmt":"2011-08-19T02:25:00","guid":{"rendered":"http:\/\/formalprision.info\/2011\/08\/19\/bloqueos-en-la-carretera-libre-y-la-de\/"},"modified":"2015-06-03T08:55:59","modified_gmt":"2015-06-03T08:55:59","slug":"bloqueos-en-la-carretera-libre-y-la-de","status":"publish","type":"post","link":"https:\/\/formalprision.com\/?p=7962","title":{"rendered":"Bloqueos en la carretera libre y la de cuota a Canc\u00fan  por problemas pol\u00edticos"},"content":{"rendered":"<p>Problemas de \u00edndole pol\u00edtico en Tinum derivaron esta noche en el<\/p>\n<p>bloque al tr\u00e1nsito vehicular de la v\u00eda a Canc\u00fan.<\/p>\n<p>El problema se agrav\u00f3 en los \u00faltimos minutos porque el bloqueo lleg\u00f3<\/p>\n<p>a la carretera de cuota, con lo que pr\u00e0cticamente no hab\u00eda anoche ya paso por<\/p>\n<p>ning\u00fan lado.<\/p>\n<p>Los bloqueos se registran en Pist\u00e9 y en la caseta de cobro de la v\u00eda<\/p>\n<p>de cuota<\/p>\n<p>El problema comenz\u00f3 en la tarde entre panistas y pri\u00edstas y ha<\/p>\n<p>movilizado a la polic\u00eda, aunque todav\u00eda se manten\u00edan lejos de la zona<\/p>\n<p>de conflicto<\/p>\n<p>Se reportan ya cientos de automovilistas perjudicados, aunque posteriormente la situaci\u00f3n se resolvi\u00f3 y el tr\u00e1nsito se normaliz\u00f3 al menos en la v\u00eda de cuota (Agencia Yucat\u00e1n<\/p>\n<p>Press)<\/p>\n<p><\/p>\n","protected":false},"excerpt":{"rendered":"<p>Problemas de \u00edndole pol\u00edtico en Tinum derivaron esta noche en el bloque al tr\u00e1nsito vehicular de la v\u00eda a Canc\u00fan. El problema se agrav\u00f3 en los \u00faltimos minutos porque el<\/p>\n","protected":false},"author":1,"featured_media":0,"comment_status":"open","ping_status":"open","sticky":false,"template":"","format":"standard","meta":{"jetpack_post_was_ever_published":false,"_jetpack_newsletter_access":"","_jetpack_dont_email_post_to_subs":false,"_jetpack_newsletter_tier_id":0,"_jetpack_memberships_contains_paywalled_content":false,"_jetpack_memberships_contains_paid_content":false,"footnotes":"","jetpack_publicize_message":"","jetpack_publicize_feature_enabled":true,"jetpack_social_post_already_shared":false,"jetpack_social_options":{"image_generator_settings":{"template":"highway","default_image_id":0,"font":"","enabled":false},"version":2}},"categories":[3,1,49],"tags":[],"class_list":["post-7962","post","type-post","status-publish","format-standard","hentry","category-portada","category-sin-categoria","category-tocho-morocho"],"jetpack_publicize_connections":[],"jetpack_featured_media_url":"","jetpack_sharing_enabled":true,"jetpack_shortlink":"https:\/\/wp.me\/p6id8p-24q","_links":{"self":[{"href":"https:\/\/formalprision.com\/index.php?rest_route=\/wp\/v2\/posts\/7962","targetHints":{"allow":["GET"]}}],"collection":[{"href":"https:\/\/formalprision.com\/index.php?rest_route=\/wp\/v2\/posts"}],"about":[{"href":"https:\/\/formalprision.com\/index.php?rest_route=\/wp\/v2\/types\/post"}],"author":[{"embeddable":true,"href":"https:\/\/formalprision.com\/index.php?rest_route=\/wp\/v2\/users\/1"}],"replies":[{"embeddable":true,"href":"https:\/\/formalprision.com\/index.php?rest_route=%2Fwp%2Fv2%2Fcomments&post=7962"}],"version-history":[{"count":0,"href":"https:\/\/formalprision.com\/index.php?rest_route=\/wp\/v2\/posts\/7962\/revisions"}],"wp:attachment":[{"href":"https:\/\/formalprision.com\/index.php?rest_route=%2Fwp%2Fv2%2Fmedia&parent=7962"}],"wp:term":[{"taxonomy":"category","embeddable":true,"href":"https:\/\/formalprision.com\/index.php?rest_route=%2Fwp%2Fv2%2Fcategories&post=7962"},{"taxonomy":"post_tag","embeddable":true,"href":"https:\/\/formalprision.com\/index.php?rest_route=%2Fwp%2Fv2%2Ftags&post=7962"}],"curies":[{"name":"wp","href":"https:\/\/api.w.org\/{rel}","templated":true}]}}