{"id":7977,"date":"2011-08-15T12:15:00","date_gmt":"2011-08-15T12:15:00","guid":{"rendered":"http:\/\/formalprision.info\/2011\/08\/15\/conocido-medico-de-la-clinica-de-merida\/"},"modified":"2015-06-03T08:56:01","modified_gmt":"2015-06-03T08:56:01","slug":"conocido-medico-de-la-clinica-de-merida","status":"publish","type":"post","link":"https:\/\/formalprision.com\/?p=7977","title":{"rendered":"Conocido m\u00e9dico de la Cl\u00ednica de M\u00e9rida fallece ahogado en la costa yucateca"},"content":{"rendered":"<p>PROGRESO.- El conocido m\u00e9dico meridano Miguel Arturo Vargas Carrillo, de 43 a\u00f1os, falleci\u00f3 esta tarde en playas de este puerto luego de voltearse en alta mar con su moto acu\u00e1tica en la que realizaba un recorrido de paseo por playas de Progreso.<\/p>\n<p>El accidente se registr\u00f3 entre Chicxulub Puerto y Uaymit\u00fan, alrededor de las 18 horas, cuando el conocido galeno endocrin\u00f3logo e internista de la Cl\u00ednica de M\u00e9rida, cay\u00f3 de la moto de agua.<\/p>\n<p>Algunas versiones se\u00f1alan que el m\u00e9dico fue v\u00edctima de un aneurisma al momento de caer al agua, aunque otras versiones se\u00f1alan que tuvo dificultades para mantenerse a flote debido a que ten\u00eda problemas de movilidad, en brazos y piernas (discapacidad motriz) a ra\u00edz de otro padecimiento que sufr\u00eda, pero que no le imped\u00edan llevar una vida normal. No se inform\u00f3 si el galeno portaba chaleco salvavidas.<\/p>\n<p>Luego del accidente, el m\u00e9dico fue trasladado en una ambulancia de la Cruz Roja Mexicana a la Cl\u00ednica de M\u00e9rida, donde falleci\u00f3.<\/p>\n<p>De acuerdo con la Fiscal\u00eda del Estado, la volcadura en moto de agua sucedi\u00f3 a la altura de Uaymit\u00fan. Fue auxiliado y trasladado a dicho hospital, donde se decret\u00f3 la muerte por hipoxia por inmersi\u00f3n.<\/p>\n<p>El ahora occiso, era muy conocido y apreciado en la comunidad m\u00e9dica y sociedad meridana por su trato amable y profesional. Era miembro de la comunidad del Colegio Peninsular Rogers Hall. (ProgresoHoy.com)<\/p>\n","protected":false},"excerpt":{"rendered":"<p>PROGRESO.- El conocido m\u00e9dico meridano Miguel Arturo Vargas Carrillo, de 43 a\u00f1os, falleci\u00f3 esta tarde en playas de este puerto luego de voltearse en alta mar con su moto acu\u00e1tica<\/p>\n","protected":false},"author":1,"featured_media":0,"comment_status":"open","ping_status":"open","sticky":false,"template":"","format":"standard","meta":{"jetpack_post_was_ever_published":false,"_jetpack_newsletter_access":"","_jetpack_dont_email_post_to_subs":false,"_jetpack_newsletter_tier_id":0,"_jetpack_memberships_contains_paywalled_content":false,"_jetpack_memberships_contains_paid_content":false,"footnotes":"","jetpack_publicize_message":"","jetpack_publicize_feature_enabled":true,"jetpack_social_post_already_shared":false,"jetpack_social_options":{"image_generator_settings":{"template":"highway","default_image_id":0,"font":"","enabled":false},"version":2}},"categories":[44,3,1],"tags":[],"class_list":["post-7977","post","type-post","status-publish","format-standard","hentry","category-morgue","category-portada","category-sin-categoria"],"jetpack_publicize_connections":[],"jetpack_featured_media_url":"","jetpack_sharing_enabled":true,"jetpack_shortlink":"https:\/\/wp.me\/p6id8p-24F","_links":{"self":[{"href":"https:\/\/formalprision.com\/index.php?rest_route=\/wp\/v2\/posts\/7977","targetHints":{"allow":["GET"]}}],"collection":[{"href":"https:\/\/formalprision.com\/index.php?rest_route=\/wp\/v2\/posts"}],"about":[{"href":"https:\/\/formalprision.com\/index.php?rest_route=\/wp\/v2\/types\/post"}],"author":[{"embeddable":true,"href":"https:\/\/formalprision.com\/index.php?rest_route=\/wp\/v2\/users\/1"}],"replies":[{"embeddable":true,"href":"https:\/\/formalprision.com\/index.php?rest_route=%2Fwp%2Fv2%2Fcomments&post=7977"}],"version-history":[{"count":0,"href":"https:\/\/formalprision.com\/index.php?rest_route=\/wp\/v2\/posts\/7977\/revisions"}],"wp:attachment":[{"href":"https:\/\/formalprision.com\/index.php?rest_route=%2Fwp%2Fv2%2Fmedia&parent=7977"}],"wp:term":[{"taxonomy":"category","embeddable":true,"href":"https:\/\/formalprision.com\/index.php?rest_route=%2Fwp%2Fv2%2Fcategories&post=7977"},{"taxonomy":"post_tag","embeddable":true,"href":"https:\/\/formalprision.com\/index.php?rest_route=%2Fwp%2Fv2%2Ftags&post=7977"}],"curies":[{"name":"wp","href":"https:\/\/api.w.org\/{rel}","templated":true}]}}