{"id":8009,"date":"2011-08-07T13:21:00","date_gmt":"2011-08-07T13:21:00","guid":{"rendered":"http:\/\/formalprision.info\/2011\/08\/07\/incendio-nocturno-en-pollo-brujo-de-la\/"},"modified":"2015-06-03T08:56:11","modified_gmt":"2015-06-03T08:56:11","slug":"incendio-nocturno-en-pollo-brujo-de-la","status":"publish","type":"post","link":"https:\/\/formalprision.com\/?p=8009","title":{"rendered":"Incendio nocturno en Pollo Brujo de la Alem\u00e1n"},"content":{"rendered":"<p><a href=\"http:\/\/3.bp.blogspot.com\/-DMbzuVeHYk4\/Tj436ESKrMI\/AAAAAAAAD8M\/E_iZOfvSkNs\/s1600\/aaaapollobrujo.jpg\"><img decoding=\"async\" id=\"BLOGGER_PHOTO_ID_5638005254236318914\" style=\"FLOAT: left; MARGIN: 0px 10px 10px 0px; WIDTH: 320px; CURSOR: hand; HEIGHT: 234px\" alt=\"\" src=\"http:\/\/formalprision.com\/wp-content\/uploads\/2011\/08\/aaaapollobrujo.jpg\" border=\"0\" \/><\/a><\/p>\n<div>Un incendio en la sucursal de la colonia Alem\u00e1n de Pollo Brujo moviliz\u00f3 anoche a la polic\u00eda y a los bomberos.<\/div>\n<p><\/p>\n<div>El siniestro ocurrio poco despu\u00e9s de las 11 de la noche y requiri\u00f3 del arduo trabajo de los bomberos y polic\u00edas, pues el negocio estaba cerrado y no hab\u00eda por d\u00f3nde entrar.<\/div>\n<p><\/p>\n<div>Todo parece indicar que el fuego se origin\u00f3 porque no quedaron apagados los pedazos de carb\u00f3n con los que se prepara los pollos, aunque tambi\u00e9n se habl\u00f3 de un cortocircuito.<\/div>\n<div>Fue necesario desviar el tr\u00e1nsito vehicular en una parte del Circuito Colonias, avenida donde se ubica el negocio siniestrado.<\/div>\n<p><\/p>\n<div>Los bomberos lograron entrar y combatir el fuego, que caus\u00f3 algunos da\u00f1os no cuantificados.<\/div>\n<p><\/p>\n<div>La fotograf\u00eda es de la cuenta de Twitter de Edrick Garc\u00eda, funcionario dela Secretar\u00eda de Seguridad P\u00faiblica.<\/div>\n","protected":false},"excerpt":{"rendered":"<p>Un incendio en la sucursal de la colonia Alem\u00e1n de Pollo Brujo moviliz\u00f3 anoche a la polic\u00eda y a los bomberos. El siniestro ocurrio poco despu\u00e9s de las 11 de<\/p>\n","protected":false},"author":1,"featured_media":26033,"comment_status":"open","ping_status":"open","sticky":false,"template":"","format":"standard","meta":{"jetpack_post_was_ever_published":false,"_jetpack_newsletter_access":"","_jetpack_dont_email_post_to_subs":false,"_jetpack_newsletter_tier_id":0,"_jetpack_memberships_contains_paywalled_content":false,"_jetpack_memberships_contains_paid_content":false,"footnotes":"","jetpack_publicize_message":"","jetpack_publicize_feature_enabled":true,"jetpack_social_post_already_shared":false,"jetpack_social_options":{"image_generator_settings":{"template":"highway","default_image_id":0,"font":"","enabled":false},"version":2}},"categories":[56,3,1],"tags":[],"class_list":["post-8009","post","type-post","status-publish","format-standard","has-post-thumbnail","hentry","category-incendios","category-portada","category-sin-categoria"],"jetpack_publicize_connections":[],"jetpack_featured_media_url":"https:\/\/formalprision.com\/wp-content\/uploads\/2011\/08\/aaaapollobrujo.jpg","jetpack_sharing_enabled":true,"jetpack_shortlink":"https:\/\/wp.me\/p6id8p-25b","_links":{"self":[{"href":"https:\/\/formalprision.com\/index.php?rest_route=\/wp\/v2\/posts\/8009","targetHints":{"allow":["GET"]}}],"collection":[{"href":"https:\/\/formalprision.com\/index.php?rest_route=\/wp\/v2\/posts"}],"about":[{"href":"https:\/\/formalprision.com\/index.php?rest_route=\/wp\/v2\/types\/post"}],"author":[{"embeddable":true,"href":"https:\/\/formalprision.com\/index.php?rest_route=\/wp\/v2\/users\/1"}],"replies":[{"embeddable":true,"href":"https:\/\/formalprision.com\/index.php?rest_route=%2Fwp%2Fv2%2Fcomments&post=8009"}],"version-history":[{"count":0,"href":"https:\/\/formalprision.com\/index.php?rest_route=\/wp\/v2\/posts\/8009\/revisions"}],"wp:featuredmedia":[{"embeddable":true,"href":"https:\/\/formalprision.com\/index.php?rest_route=\/wp\/v2\/media\/26033"}],"wp:attachment":[{"href":"https:\/\/formalprision.com\/index.php?rest_route=%2Fwp%2Fv2%2Fmedia&parent=8009"}],"wp:term":[{"taxonomy":"category","embeddable":true,"href":"https:\/\/formalprision.com\/index.php?rest_route=%2Fwp%2Fv2%2Fcategories&post=8009"},{"taxonomy":"post_tag","embeddable":true,"href":"https:\/\/formalprision.com\/index.php?rest_route=%2Fwp%2Fv2%2Ftags&post=8009"}],"curies":[{"name":"wp","href":"https:\/\/api.w.org\/{rel}","templated":true}]}}