{"id":8010,"date":"2011-08-07T01:55:00","date_gmt":"2011-08-07T01:55:00","guid":{"rendered":"http:\/\/formalprision.info\/2011\/08\/07\/fiscalia-pide-orden-de-aprehension\/"},"modified":"2015-06-03T08:56:11","modified_gmt":"2015-06-03T08:56:11","slug":"fiscalia-pide-orden-de-aprehension","status":"publish","type":"post","link":"https:\/\/formalprision.com\/?p=8010","title":{"rendered":"Fiscal\u00eda pide orden de aprehensi\u00f3n contra 9 personas por la trifulca en la Glorieta de la Paz"},"content":{"rendered":"<p><a href=\"http:\/\/4.bp.blogspot.com\/-sQuxs37NEhk\/Tj3ua3NhfpI\/AAAAAAAAD8E\/zo5-9U8fUAg\/s1600\/aaaaescudo%2Bde%2Bla%2Bfiscalia.jpg\"><img decoding=\"async\" id=\"BLOGGER_PHOTO_ID_5637924453802409618\" style=\"FLOAT: left; MARGIN: 0px 10px 10px 0px; WIDTH: 320px; CURSOR: hand; HEIGHT: 318px\" alt=\"\" src=\"http:\/\/formalprision.com\/wp-content\/uploads\/2011\/08\/aaaaescudo-de-la-fiscalia6.jpg\" border=\"0\" \/><\/a><\/p>\n<div>La Fiscal\u00eda General del Estado solicit\u00f3 \u00f3rdenes de aprehensi\u00f3n contra 9 involucrados en los hechos violentos del 4 de julio en la Glorieta de la Paz.<\/div>\n<p><\/p>\n<div>El Fiscal H\u00e9ctor Cabrera Rivero inform\u00f3 que se consignaron 8 expedientes a los juzgados penales, pero en ellos se involucra a 9 personas, algunas en m\u00e1s de un expediente, es decir varios denunciantes los se\u00f1alan como sus agresores.<\/div>\n<p><\/p>\n<div>El funcionario no revel\u00f3 qui\u00e9nes son estas personas, pero dej\u00f3 entrever que entre ellos est\u00e1 Carlos Herrera Chal\u00e9 (a) Cal\u00edn, pues, seg\u00fan dijo, entre los acusados est\u00e1n los que se han mencionado insistentemente en los medios, pero tambi\u00e9n figuran algunas personas poco conocidas o mencionadas.<\/div>\n<p><\/p>\n<div>Tambi\u00e9n se\u00f1al\u00f3 el fiscal que 17 expedientes no fueron consignados porque los denunciantes no aportaron mayores datos, por lo que pr\u00e1cticamente solo denunciaron y no regresaron para aportar mas elementos (Agencia Yucat\u00e1n Press)<\/div>\n<p><\/p>\n","protected":false},"excerpt":{"rendered":"<p>La Fiscal\u00eda General del Estado solicit\u00f3 \u00f3rdenes de aprehensi\u00f3n contra 9 involucrados en los hechos violentos del 4 de julio en la Glorieta de la Paz. El Fiscal H\u00e9ctor Cabrera<\/p>\n","protected":false},"author":1,"featured_media":26035,"comment_status":"open","ping_status":"open","sticky":false,"template":"","format":"standard","meta":{"jetpack_post_was_ever_published":false,"_jetpack_newsletter_access":"","_jetpack_dont_email_post_to_subs":false,"_jetpack_newsletter_tier_id":0,"_jetpack_memberships_contains_paywalled_content":false,"_jetpack_memberships_contains_paid_content":false,"footnotes":"","jetpack_publicize_message":"","jetpack_publicize_feature_enabled":true,"jetpack_social_post_already_shared":false,"jetpack_social_options":{"image_generator_settings":{"template":"highway","default_image_id":0,"font":"","enabled":false},"version":2}},"categories":[3,1,49,53],"tags":[],"class_list":["post-8010","post","type-post","status-publish","format-standard","has-post-thumbnail","hentry","category-portada","category-sin-categoria","category-tocho-morocho","category-yo-no-fui"],"jetpack_publicize_connections":[],"jetpack_featured_media_url":"https:\/\/formalprision.com\/wp-content\/uploads\/2011\/08\/aaaaescudo-de-la-fiscalia6.jpg","jetpack_sharing_enabled":true,"jetpack_shortlink":"https:\/\/wp.me\/p6id8p-25c","_links":{"self":[{"href":"https:\/\/formalprision.com\/index.php?rest_route=\/wp\/v2\/posts\/8010","targetHints":{"allow":["GET"]}}],"collection":[{"href":"https:\/\/formalprision.com\/index.php?rest_route=\/wp\/v2\/posts"}],"about":[{"href":"https:\/\/formalprision.com\/index.php?rest_route=\/wp\/v2\/types\/post"}],"author":[{"embeddable":true,"href":"https:\/\/formalprision.com\/index.php?rest_route=\/wp\/v2\/users\/1"}],"replies":[{"embeddable":true,"href":"https:\/\/formalprision.com\/index.php?rest_route=%2Fwp%2Fv2%2Fcomments&post=8010"}],"version-history":[{"count":0,"href":"https:\/\/formalprision.com\/index.php?rest_route=\/wp\/v2\/posts\/8010\/revisions"}],"wp:featuredmedia":[{"embeddable":true,"href":"https:\/\/formalprision.com\/index.php?rest_route=\/wp\/v2\/media\/26035"}],"wp:attachment":[{"href":"https:\/\/formalprision.com\/index.php?rest_route=%2Fwp%2Fv2%2Fmedia&parent=8010"}],"wp:term":[{"taxonomy":"category","embeddable":true,"href":"https:\/\/formalprision.com\/index.php?rest_route=%2Fwp%2Fv2%2Fcategories&post=8010"},{"taxonomy":"post_tag","embeddable":true,"href":"https:\/\/formalprision.com\/index.php?rest_route=%2Fwp%2Fv2%2Ftags&post=8010"}],"curies":[{"name":"wp","href":"https:\/\/api.w.org\/{rel}","templated":true}]}}