{"id":8017,"date":"2011-08-05T20:52:00","date_gmt":"2011-08-05T20:52:00","guid":{"rendered":"http:\/\/formalprision.info\/2011\/08\/05\/accidente-ferroviario-vecina-del-centro\/"},"modified":"2015-06-03T08:56:12","modified_gmt":"2015-06-03T08:56:12","slug":"accidente-ferroviario-vecina-del-centro","status":"publish","type":"post","link":"https:\/\/formalprision.com\/?p=8017","title":{"rendered":"Accidente ferroviario: vecina del centro se cae del trenecio del Centenario"},"content":{"rendered":"<p><a href=\"http:\/\/4.bp.blogspot.com\/-gK4VxF9iUc0\/TjuYWcElSoI\/AAAAAAAAD6k\/fDZuetDtD_A\/s1600\/aaaatrenecito.jpg\"><img decoding=\"async\" id=\"BLOGGER_PHOTO_ID_5637266869844265602\" style=\"FLOAT: left; MARGIN: 0px 10px 10px 0px; WIDTH: 320px; CURSOR: hand; HEIGHT: 213px\" alt=\"\" src=\"http:\/\/formalprision.com\/wp-content\/uploads\/2011\/08\/aaaatrenecito.jpg\" border=\"0\" \/><\/a><\/p>\n<p><\/p>\n<div>Las autoridades polic\u00edacas tomaron conocimiento de un accidente ferroviario en M\u00e9rida cuando una vecina del centro se cay\u00f3 del trenecito del Centenario.<\/div>\n<p><\/p>\n<div>El trenecito estaba en movimiento, por lo que la mujer tuvo que ser hospitalizada tras el percance.<\/div>\n<p><\/p>\n<div>La lesionada es SILVIA C\u00c1CERES MARFIL de 68 a\u00f1os de edad, con domicilio en el Centro, <\/div>\n<p><\/p>\n<div>Ella se encontraba en el trenecito con su nieto de tres a\u00f1os, cuando de pronto se le cayeron sus llaves y al inclinarse a levantarlas perdi\u00f3 el equilibrio y cay\u00f3 al suelo cuando a\u00fan se encontraban en movimiento el peque\u00f1o ferrocarril.<\/div>\n<p><\/p>\n<div>La mujer fue auxiliada y trasladada a la Cl\u00ed\u00ednica T-1 del IMSS para su atemco\u00f3n m\u00e9dica.<\/div>\n<p><\/p>\n<div>Presenta m\u00faltiples excoriaciones de dorso posterior con heridas cortantes, excoriaci\u00f3n en cadera izquierda y derecha en la regi\u00f3n sacra, hematoma en codo izquierdo. <\/div>\n","protected":false},"excerpt":{"rendered":"<p>Las autoridades polic\u00edacas tomaron conocimiento de un accidente ferroviario en M\u00e9rida cuando una vecina del centro se cay\u00f3 del trenecito del Centenario. El trenecito estaba en movimiento, por lo que<\/p>\n","protected":false},"author":1,"featured_media":26049,"comment_status":"open","ping_status":"open","sticky":false,"template":"","format":"standard","meta":{"jetpack_post_was_ever_published":false,"_jetpack_newsletter_access":"","_jetpack_dont_email_post_to_subs":false,"_jetpack_newsletter_tier_id":0,"_jetpack_memberships_contains_paywalled_content":false,"_jetpack_memberships_contains_paid_content":false,"footnotes":"","jetpack_publicize_message":"","jetpack_publicize_feature_enabled":true,"jetpack_social_post_already_shared":false,"jetpack_social_options":{"image_generator_settings":{"template":"highway","default_image_id":0,"font":"","enabled":false},"version":2}},"categories":[3,1,53],"tags":[],"class_list":["post-8017","post","type-post","status-publish","format-standard","has-post-thumbnail","hentry","category-portada","category-sin-categoria","category-yo-no-fui"],"jetpack_publicize_connections":[],"jetpack_featured_media_url":"https:\/\/formalprision.com\/wp-content\/uploads\/2011\/08\/aaaatrenecito.jpg","jetpack_sharing_enabled":true,"jetpack_shortlink":"https:\/\/wp.me\/p6id8p-25j","_links":{"self":[{"href":"https:\/\/formalprision.com\/index.php?rest_route=\/wp\/v2\/posts\/8017","targetHints":{"allow":["GET"]}}],"collection":[{"href":"https:\/\/formalprision.com\/index.php?rest_route=\/wp\/v2\/posts"}],"about":[{"href":"https:\/\/formalprision.com\/index.php?rest_route=\/wp\/v2\/types\/post"}],"author":[{"embeddable":true,"href":"https:\/\/formalprision.com\/index.php?rest_route=\/wp\/v2\/users\/1"}],"replies":[{"embeddable":true,"href":"https:\/\/formalprision.com\/index.php?rest_route=%2Fwp%2Fv2%2Fcomments&post=8017"}],"version-history":[{"count":0,"href":"https:\/\/formalprision.com\/index.php?rest_route=\/wp\/v2\/posts\/8017\/revisions"}],"wp:featuredmedia":[{"embeddable":true,"href":"https:\/\/formalprision.com\/index.php?rest_route=\/wp\/v2\/media\/26049"}],"wp:attachment":[{"href":"https:\/\/formalprision.com\/index.php?rest_route=%2Fwp%2Fv2%2Fmedia&parent=8017"}],"wp:term":[{"taxonomy":"category","embeddable":true,"href":"https:\/\/formalprision.com\/index.php?rest_route=%2Fwp%2Fv2%2Fcategories&post=8017"},{"taxonomy":"post_tag","embeddable":true,"href":"https:\/\/formalprision.com\/index.php?rest_route=%2Fwp%2Fv2%2Ftags&post=8017"}],"curies":[{"name":"wp","href":"https:\/\/api.w.org\/{rel}","templated":true}]}}