{"id":8022,"date":"2011-08-04T19:55:00","date_gmt":"2011-08-04T19:55:00","guid":{"rendered":"http:\/\/formalprision.info\/2011\/08\/04\/vecino-de-chelem-detenido-con-un\/"},"modified":"2015-06-03T08:56:13","modified_gmt":"2015-06-03T08:56:13","slug":"vecino-de-chelem-detenido-con-un","status":"publish","type":"post","link":"https:\/\/formalprision.com\/?p=8022","title":{"rendered":"Vecino de Chelem detenido con un ladrillo de mariguana:"},"content":{"rendered":"<p><a href=\"http:\/\/2.bp.blogspot.com\/-zc13aXBO3mY\/Tjrd4njr_6I\/AAAAAAAAD6c\/AWyIONVNb2k\/s1600\/aaaaladrillo.jpg\"><img decoding=\"async\" id=\"BLOGGER_PHOTO_ID_5637061848368676770\" style=\"FLOAT: left; MARGIN: 0px 10px 10px 0px; WIDTH: 320px; CURSOR: hand; HEIGHT: 240px\" alt=\"\" src=\"http:\/\/formalprision.com\/wp-content\/uploads\/2011\/08\/aaaaladrillo.jpg\" border=\"0\" \/><\/a><\/p>\n<div>Elementos de la Secretar\u00eda de Seguridad P\u00fablica detuvieron anoche a Jos\u00e9 Luis Uc\u00e1n Balam, Adri\u00e1n Ferm\u00edn Herrera Sosa, Oscar Alberto Herrera Flores y Guillermo Cutz Noh en el puesto de revisi\u00f3n y control ubicado a la altura del kilometro 33 de la carretera Progreso-Dzilam de Bravo.<br \/>Viajaban a bordo de un veh\u00edculo Escort con placas YZR-7909 y al marcarles el alto las cuatro personas, originarias de la comisar\u00eda de Chelem, mostraron una actitud nerviosa y al proceder a la revisi\u00f3n del veh\u00edculo encontraron en una mochila un \u00abladrillo\u00bb de mariguana de aproximadamente 200 gramos .<\/div>\n<p><\/p>\n<div>Uc\u00e1n Balam, intoxicado con la hierba y en estado de ebriedad, dijo ser el due\u00f1o de la droga. <\/div>\n<p><\/p>\n<div>Los otros 3 individuos intentaron evitar la detenci\u00f3n de su compa\u00f1ero pero tambi\u00e9n fueron trasladados a la c\u00e1rcel p\u00fablica.<br \/>Postteriormente, fueron remitidos al Ministerio P\u00fablico.<\/div>\n","protected":false},"excerpt":{"rendered":"<p>Elementos de la Secretar\u00eda de Seguridad P\u00fablica detuvieron anoche a Jos\u00e9 Luis Uc\u00e1n Balam, Adri\u00e1n Ferm\u00edn Herrera Sosa, Oscar Alberto Herrera Flores y Guillermo Cutz Noh en el puesto de<\/p>\n","protected":false},"author":1,"featured_media":26059,"comment_status":"open","ping_status":"open","sticky":false,"template":"","format":"standard","meta":{"jetpack_post_was_ever_published":false,"_jetpack_newsletter_access":"","_jetpack_dont_email_post_to_subs":false,"_jetpack_newsletter_tier_id":0,"_jetpack_memberships_contains_paywalled_content":false,"_jetpack_memberships_contains_paid_content":false,"footnotes":"","jetpack_publicize_message":"","jetpack_publicize_feature_enabled":true,"jetpack_social_post_already_shared":false,"jetpack_social_options":{"image_generator_settings":{"template":"highway","default_image_id":0,"font":"","enabled":false},"version":2}},"categories":[47,3,1],"tags":[],"class_list":["post-8022","post","type-post","status-publish","format-standard","has-post-thumbnail","hentry","category-narcos","category-portada","category-sin-categoria"],"jetpack_publicize_connections":[],"jetpack_featured_media_url":"https:\/\/formalprision.com\/wp-content\/uploads\/2011\/08\/aaaaladrillo.jpg","jetpack_sharing_enabled":true,"jetpack_shortlink":"https:\/\/wp.me\/p6id8p-25o","_links":{"self":[{"href":"https:\/\/formalprision.com\/index.php?rest_route=\/wp\/v2\/posts\/8022","targetHints":{"allow":["GET"]}}],"collection":[{"href":"https:\/\/formalprision.com\/index.php?rest_route=\/wp\/v2\/posts"}],"about":[{"href":"https:\/\/formalprision.com\/index.php?rest_route=\/wp\/v2\/types\/post"}],"author":[{"embeddable":true,"href":"https:\/\/formalprision.com\/index.php?rest_route=\/wp\/v2\/users\/1"}],"replies":[{"embeddable":true,"href":"https:\/\/formalprision.com\/index.php?rest_route=%2Fwp%2Fv2%2Fcomments&post=8022"}],"version-history":[{"count":0,"href":"https:\/\/formalprision.com\/index.php?rest_route=\/wp\/v2\/posts\/8022\/revisions"}],"wp:featuredmedia":[{"embeddable":true,"href":"https:\/\/formalprision.com\/index.php?rest_route=\/wp\/v2\/media\/26059"}],"wp:attachment":[{"href":"https:\/\/formalprision.com\/index.php?rest_route=%2Fwp%2Fv2%2Fmedia&parent=8022"}],"wp:term":[{"taxonomy":"category","embeddable":true,"href":"https:\/\/formalprision.com\/index.php?rest_route=%2Fwp%2Fv2%2Fcategories&post=8022"},{"taxonomy":"post_tag","embeddable":true,"href":"https:\/\/formalprision.com\/index.php?rest_route=%2Fwp%2Fv2%2Ftags&post=8022"}],"curies":[{"name":"wp","href":"https:\/\/api.w.org\/{rel}","templated":true}]}}