{"id":8028,"date":"2011-08-03T18:00:00","date_gmt":"2011-08-03T18:00:00","guid":{"rendered":"http:\/\/formalprision.info\/2011\/08\/03\/cecilia-flores-exige-justicia-en-la\/"},"modified":"2015-06-03T08:56:14","modified_gmt":"2015-06-03T08:56:14","slug":"cecilia-flores-exige-justicia-en-la","status":"publish","type":"post","link":"https:\/\/formalprision.com\/?p=8028","title":{"rendered":"Cecilia Flores exige justicia en la \u00faltima diligencia del fraude que se le atribuye"},"content":{"rendered":"<p><a href=\"http:\/\/4.bp.blogspot.com\/-JVI-3s1JhY0\/Tjj8SjLrNxI\/AAAAAAAAD6E\/oAeDZiP-saQ\/s1600\/aaachechilkia.jpg\"><img decoding=\"async\" id=\"BLOGGER_PHOTO_ID_5636532329266231058\" style=\"FLOAT: left; MARGIN: 0px 10px 10px 0px; WIDTH: 320px; CURSOR: hand; HEIGHT: 213px\" alt=\"\" src=\"http:\/\/formalprision.com\/wp-content\/uploads\/2011\/08\/aaachechilkia.jpg\" border=\"0\" \/><\/a><\/p>\n<div>La ex directora de Comunicaci\u00f3n Social del Ayuntamiento de M\u00e9rida, Cecilia Flores Arg\u00e1ez exigi\u00f3 este d\u00eda se le haga justicia durante la vista p\u00fablica celebrada en el Juzgado Octavo Penal.<br \/>La diligencia se realiz\u00f3 por el proceso que se le sigue por el delito de fraude por m\u00e1s de cinco millones de pesos, denunciado por Bernardo Mier y Ter\u00e1n Arg\u00e1ez.Aunque la ex funcionaria reiter\u00f3 su inocencia, el Ministerio P\u00fablico pidi\u00f3 que se le dicte sentencia condenatoria.<br \/>Esta fue la \u00faltima diligencia del proceso, ya que en un plazo de cinco d\u00edas h\u00e1biles el l juez Luis Mugarte Guerrero dictar\u00e1 sentencia.<br \/>Al comparecer en la rejilla de pr\u00e1cticas, Cecilia Flores insisti\u00f3 en que no hay pruebas en su contra y que sus acusadores han mentido, incluso con documentos alterados o desaparecidos, como es el caso del contrato que presuntamente firmo con Mierr y Ter\u00e1n.<br \/>La inculpada reiter\u00f3 insistentemente en que las demandas en su contra est\u00e1n basados en hechos y documentos falsos.Cecilia Flores Arg\u00e1ez est\u00e1 a mes y medio de cumplir dos a\u00f1os en prisi\u00f3n, pues se han desarrollado con lentitud los procesos en su contra. (Agencia Yucat\u00e1n Press)<\/div>\n","protected":false},"excerpt":{"rendered":"<p>La ex directora de Comunicaci\u00f3n Social del Ayuntamiento de M\u00e9rida, Cecilia Flores Arg\u00e1ez exigi\u00f3 este d\u00eda se le haga justicia durante la vista p\u00fablica celebrada en el Juzgado Octavo Penal.La<\/p>\n","protected":false},"author":1,"featured_media":26071,"comment_status":"open","ping_status":"open","sticky":false,"template":"","format":"standard","meta":{"jetpack_post_was_ever_published":false,"_jetpack_newsletter_access":"","_jetpack_dont_email_post_to_subs":false,"_jetpack_newsletter_tier_id":0,"_jetpack_memberships_contains_paywalled_content":false,"_jetpack_memberships_contains_paid_content":false,"footnotes":"","jetpack_publicize_message":"","jetpack_publicize_feature_enabled":true,"jetpack_social_post_already_shared":false,"jetpack_social_options":{"image_generator_settings":{"template":"highway","default_image_id":0,"font":"","enabled":false},"version":2}},"categories":[3,1,53],"tags":[],"class_list":["post-8028","post","type-post","status-publish","format-standard","has-post-thumbnail","hentry","category-portada","category-sin-categoria","category-yo-no-fui"],"jetpack_publicize_connections":[],"jetpack_featured_media_url":"https:\/\/formalprision.com\/wp-content\/uploads\/2011\/08\/aaachechilkia.jpg","jetpack_sharing_enabled":true,"jetpack_shortlink":"https:\/\/wp.me\/p6id8p-25u","_links":{"self":[{"href":"https:\/\/formalprision.com\/index.php?rest_route=\/wp\/v2\/posts\/8028","targetHints":{"allow":["GET"]}}],"collection":[{"href":"https:\/\/formalprision.com\/index.php?rest_route=\/wp\/v2\/posts"}],"about":[{"href":"https:\/\/formalprision.com\/index.php?rest_route=\/wp\/v2\/types\/post"}],"author":[{"embeddable":true,"href":"https:\/\/formalprision.com\/index.php?rest_route=\/wp\/v2\/users\/1"}],"replies":[{"embeddable":true,"href":"https:\/\/formalprision.com\/index.php?rest_route=%2Fwp%2Fv2%2Fcomments&post=8028"}],"version-history":[{"count":0,"href":"https:\/\/formalprision.com\/index.php?rest_route=\/wp\/v2\/posts\/8028\/revisions"}],"wp:featuredmedia":[{"embeddable":true,"href":"https:\/\/formalprision.com\/index.php?rest_route=\/wp\/v2\/media\/26071"}],"wp:attachment":[{"href":"https:\/\/formalprision.com\/index.php?rest_route=%2Fwp%2Fv2%2Fmedia&parent=8028"}],"wp:term":[{"taxonomy":"category","embeddable":true,"href":"https:\/\/formalprision.com\/index.php?rest_route=%2Fwp%2Fv2%2Fcategories&post=8028"},{"taxonomy":"post_tag","embeddable":true,"href":"https:\/\/formalprision.com\/index.php?rest_route=%2Fwp%2Fv2%2Ftags&post=8028"}],"curies":[{"name":"wp","href":"https:\/\/api.w.org\/{rel}","templated":true}]}}