{"id":8040,"date":"2011-08-01T22:31:00","date_gmt":"2011-08-01T22:31:00","guid":{"rendered":"http:\/\/formalprision.info\/2011\/08\/01\/desde-eeuu-ex-recluso-meridano-niega\/"},"modified":"2015-06-03T08:56:16","modified_gmt":"2015-06-03T08:56:16","slug":"desde-eeuu-ex-recluso-meridano-niega","status":"publish","type":"post","link":"https:\/\/formalprision.com\/?p=8040","title":{"rendered":"Desde EEUU, ex recluso meridano niega ser el criminal Fleitas y cuenta su vida"},"content":{"rendered":"<p><a href=\"http:\/\/2.bp.blogspot.com\/-SLePsZenbMA\/TjZU1v3jZQI\/AAAAAAAAD4M\/gYmHfgL19tc\/s1600\/aaaaafleitas.jpg\"><img decoding=\"async\" id=\"BLOGGER_PHOTO_ID_5635785266060027138\" style=\"FLOAT: left; MARGIN: 0px 10px 10px 0px; WIDTH: 320px; CURSOR: hand; HEIGHT: 170px\" alt=\"\" src=\"http:\/\/formalprision.com\/wp-content\/uploads\/2011\/08\/aaaaafleitas.jpg\" border=\"0\" \/><\/a><\/p>\n<p><\/p>\n<div>El ex recluso Roberto Garc\u00eda L\u00f3pez, extraditado en d\u00edas pasados a Estados Unidos, asegura que es mexicano, natural de Veracruz y que no es el criminal cubano Juan Jes\u00fas Fleitas, como afirma el gobierno estadounidense.<\/div>\n<div>A trav\u00e9s de un escrito que nos hizo llegar llegar con sus familiares y amigos radicados en M\u00e9rida, el ex recluso del penal meridano afirma que hubo anomal\u00edas en su proceso de extradici\u00f3n y en el juicio por el que se le sentenci\u00f3 en Yucat\u00e1n.<\/div>\n<div>Seg\u00fan su versi\u00f3n, \u00e9l naci\u00f3 en el puerto de Veracruz donde se cri\u00f3 con sus padres hasta la edad de 9 a\u00f1os, cuando se separaron.<\/div>\n<div>Su padre Javier Garc\u00eda Moreno lo llev\u00f3 consigo a la ciudad de M\u00e9xico, pero pas\u00f3 serios apuros porque su progeniutor era alcoh\u00f3lico, por lo que fue abandonado cuando ten\u00eda 10 a\u00f1os y sobrevivi\u00f3 limpiando parabrisas, cargando bultos en la Merced.<\/div>\n<p><\/p>\n<div>Dice no recordar mucho de su madre, Mar\u00eda L\u00f3pez Guti\u00e9rrez.<\/div>\n<p><\/p>\n<div>A\u00f1os despu\u00e9s, conoci\u00f3 a su mujer Eliuth, se enamor\u00f3 y trabajo en la empresa de seguridad de su suegro.<\/div>\n<p><\/p>\n<div>Luego, entr\u00f3 a trabajar en un restaurante y se gan\u00f3 la confianza y amistad del due\u00f1o quien decidi\u00f3 enviarlo a Canc\u00fan al expandirse la cadena de restaurantes.<\/div>\n<p><\/p>\n<div>Estando en Canc\u00fan, seg\u00fan su versi\u00f3n, un hombre le ofreci\u00f3 dinero por acudir con un se\u00f1or de M\u00e9rida a recoger refacciones o herramientas y quien lo ver\u00eda en la terminal de autobuses, Roberto accedi\u00f3 al encargo, pero al llegar a M\u00e9rida no encontr\u00f3 a la persona que deb\u00eda ver, por lo que le llam\u00f3 y su interlocutor le dijo que hab\u00eda tenido un percance, pero que acudiera en un taxi hasta su casa cerca de Montecristo.<\/div>\n<p><\/p>\n<div>Como este hombre (un cubano llamado Pedro Alvarez D\u00edaz) le dijo que no ten\u00eda en ese momento las refacciones, le indic\u00f3 que se quedara a dormir en la sala y al d\u00eda siguiente le entregar\u00eda el encargo.<\/div>\n<p><\/p>\n<div>Sin embargo, la esposa del hombre baj\u00f3 temprano por la ma\u00f1ana, descubri\u00f3 a Roberto recostado en el sof\u00e1 y pens\u00f3 que era un ladr\u00f3n, por lo que atac\u00f3 a Roberto y por los gritos, baj\u00f3 su esposo quien pistola en mano se fue sobre \u00e9l, por lo que ambos forcejearon y hubo disparos.<\/div>\n<p><\/p>\n<div>Luego lleg\u00f3 la policia y lo detuvo, acus\u00e1ndolo de querer matar al matrimonio.<\/div>\n<p><\/p>\n<div>A pesar de esto, se le sentenci\u00f3 a varios a\u00f1os de c\u00e1rcel y la semana pasada fue enviado a Estados Unidos porque el gobierno de ese pa\u00eds asegura que es el criminal cubano Juan Jes\u00fas Fleitas, quien escap\u00f3 de una prisi\u00f3n de Florida hace algunos a\u00f1os (Continuar\u00e1. Agencia Yucat\u00e1n Press)<\/div>\n","protected":false},"excerpt":{"rendered":"<p>El ex recluso Roberto Garc\u00eda L\u00f3pez, extraditado en d\u00edas pasados a Estados Unidos, asegura que es mexicano, natural de Veracruz y que no es el criminal cubano Juan Jes\u00fas Fleitas,<\/p>\n","protected":false},"author":1,"featured_media":26093,"comment_status":"open","ping_status":"open","sticky":false,"template":"","format":"standard","meta":{"jetpack_post_was_ever_published":false,"_jetpack_newsletter_access":"","_jetpack_dont_email_post_to_subs":false,"_jetpack_newsletter_tier_id":0,"_jetpack_memberships_contains_paywalled_content":false,"_jetpack_memberships_contains_paid_content":false,"footnotes":"","jetpack_publicize_message":"","jetpack_publicize_feature_enabled":true,"jetpack_social_post_already_shared":false,"jetpack_social_options":{"image_generator_settings":{"template":"highway","default_image_id":0,"font":"","enabled":false},"version":2}},"categories":[45,3,1],"tags":[],"class_list":["post-8040","post","type-post","status-publish","format-standard","has-post-thumbnail","hentry","category-delincuentes-vip","category-portada","category-sin-categoria"],"jetpack_publicize_connections":[],"jetpack_featured_media_url":"https:\/\/formalprision.com\/wp-content\/uploads\/2011\/08\/aaaaafleitas.jpg","jetpack_sharing_enabled":true,"jetpack_shortlink":"https:\/\/wp.me\/p6id8p-25G","_links":{"self":[{"href":"https:\/\/formalprision.com\/index.php?rest_route=\/wp\/v2\/posts\/8040","targetHints":{"allow":["GET"]}}],"collection":[{"href":"https:\/\/formalprision.com\/index.php?rest_route=\/wp\/v2\/posts"}],"about":[{"href":"https:\/\/formalprision.com\/index.php?rest_route=\/wp\/v2\/types\/post"}],"author":[{"embeddable":true,"href":"https:\/\/formalprision.com\/index.php?rest_route=\/wp\/v2\/users\/1"}],"replies":[{"embeddable":true,"href":"https:\/\/formalprision.com\/index.php?rest_route=%2Fwp%2Fv2%2Fcomments&post=8040"}],"version-history":[{"count":0,"href":"https:\/\/formalprision.com\/index.php?rest_route=\/wp\/v2\/posts\/8040\/revisions"}],"wp:featuredmedia":[{"embeddable":true,"href":"https:\/\/formalprision.com\/index.php?rest_route=\/wp\/v2\/media\/26093"}],"wp:attachment":[{"href":"https:\/\/formalprision.com\/index.php?rest_route=%2Fwp%2Fv2%2Fmedia&parent=8040"}],"wp:term":[{"taxonomy":"category","embeddable":true,"href":"https:\/\/formalprision.com\/index.php?rest_route=%2Fwp%2Fv2%2Fcategories&post=8040"},{"taxonomy":"post_tag","embeddable":true,"href":"https:\/\/formalprision.com\/index.php?rest_route=%2Fwp%2Fv2%2Ftags&post=8040"}],"curies":[{"name":"wp","href":"https:\/\/api.w.org\/{rel}","templated":true}]}}