{"id":8045,"date":"2011-08-01T14:27:00","date_gmt":"2011-08-01T14:27:00","guid":{"rendered":"http:\/\/formalprision.info\/2011\/08\/01\/empleado-de-un-conjunto-musical-muere\/"},"modified":"2015-06-03T08:56:17","modified_gmt":"2015-06-03T08:56:17","slug":"empleado-de-un-conjunto-musical-muere","status":"publish","type":"post","link":"https:\/\/formalprision.com\/?p=8045","title":{"rendered":"Empleado  de un conjunto musical muere electroctrado al conectar los instrumentos"},"content":{"rendered":"<p><a href=\"http:\/\/4.bp.blogspot.com\/-myiady9_yVY\/TjZI04aEDoI\/AAAAAAAAD30\/stiXeA7KELQ\/s1600\/aaaaescudo%2Bde%2Bla%2Bfiscalia.jpg\"><img decoding=\"async\" id=\"BLOGGER_PHOTO_ID_5635772057032855170\" style=\"FLOAT: left; MARGIN: 0px 10px 10px 0px; WIDTH: 320px; CURSOR: hand; HEIGHT: 318px\" alt=\"\" src=\"http:\/\/formalprision.com\/wp-content\/uploads\/2011\/08\/aaaaescudo-de-la-fiscalia9.jpg\" border=\"0\" \/><\/a><\/p>\n<div>Un ayudante del conjunto musical \u00abMarcos y su Grupo\u00bb falleci\u00f3 en la madrugada del domingo al electrocutarse mientras conectaba los instrumentos musicales.<\/div>\n<p><\/p>\n<div>El deceso ocurri\u00f3 en el parque de la comisar\u00eda de Xcucul Sur, municipio de Um\u00e1n.<\/div>\n<p><\/p>\n<div>Ah\u00ed falleci\u00f3 CARLOS ADOLFO CAUICH COCOM, de 33 a\u00f1os de edad, quien ten\u00eda su domicilio en Tex\u00e1n Palomeque. <\/div>\n<p><\/p>\n<div>Identific\u00f3 el cuerpo Mar\u00eda Gabriela Ek Ek, esposa del ahora occiso, quien manifest\u00f3 que su esposo sali\u00f3 de su domicilio coment\u00e1ndole que ir\u00eda a trabajar con el conjunto \u201cMarcos y su Grupo\u201d en la comisar\u00eda de Xcucul y que ah\u00ed la ver\u00eda a las 18:00 horas.<\/div>\n<p><\/p>\n<div>Cuando ella lleg\u00f3 al sitio acordado vio a la gente arremolinada, enter\u00e1ndose de esta manera que su esposo hab\u00eda recibido una descarga el\u00e9ctrica al conectar unos cables de los equipos de sonido. <\/div>\n<p><\/p>\n<div>La causa de la muerte fue fibrilaci\u00f3n ventricular consecuente a descarga el\u00e9ctrica<\/div>\n","protected":false},"excerpt":{"rendered":"<p>Un ayudante del conjunto musical \u00abMarcos y su Grupo\u00bb falleci\u00f3 en la madrugada del domingo al electrocutarse mientras conectaba los instrumentos musicales. El deceso ocurri\u00f3 en el parque de la<\/p>\n","protected":false},"author":1,"featured_media":26103,"comment_status":"open","ping_status":"open","sticky":false,"template":"","format":"standard","meta":{"jetpack_post_was_ever_published":false,"_jetpack_newsletter_access":"","_jetpack_dont_email_post_to_subs":false,"_jetpack_newsletter_tier_id":0,"_jetpack_memberships_contains_paywalled_content":false,"_jetpack_memberships_contains_paid_content":false,"footnotes":"","jetpack_publicize_message":"","jetpack_publicize_feature_enabled":true,"jetpack_social_post_already_shared":false,"jetpack_social_options":{"image_generator_settings":{"template":"highway","default_image_id":0,"font":"","enabled":false},"version":2}},"categories":[44,3,1],"tags":[],"class_list":["post-8045","post","type-post","status-publish","format-standard","has-post-thumbnail","hentry","category-morgue","category-portada","category-sin-categoria"],"jetpack_publicize_connections":[],"jetpack_featured_media_url":"https:\/\/formalprision.com\/wp-content\/uploads\/2011\/08\/aaaaescudo-de-la-fiscalia9.jpg","jetpack_sharing_enabled":true,"jetpack_shortlink":"https:\/\/wp.me\/p6id8p-25L","_links":{"self":[{"href":"https:\/\/formalprision.com\/index.php?rest_route=\/wp\/v2\/posts\/8045","targetHints":{"allow":["GET"]}}],"collection":[{"href":"https:\/\/formalprision.com\/index.php?rest_route=\/wp\/v2\/posts"}],"about":[{"href":"https:\/\/formalprision.com\/index.php?rest_route=\/wp\/v2\/types\/post"}],"author":[{"embeddable":true,"href":"https:\/\/formalprision.com\/index.php?rest_route=\/wp\/v2\/users\/1"}],"replies":[{"embeddable":true,"href":"https:\/\/formalprision.com\/index.php?rest_route=%2Fwp%2Fv2%2Fcomments&post=8045"}],"version-history":[{"count":0,"href":"https:\/\/formalprision.com\/index.php?rest_route=\/wp\/v2\/posts\/8045\/revisions"}],"wp:featuredmedia":[{"embeddable":true,"href":"https:\/\/formalprision.com\/index.php?rest_route=\/wp\/v2\/media\/26103"}],"wp:attachment":[{"href":"https:\/\/formalprision.com\/index.php?rest_route=%2Fwp%2Fv2%2Fmedia&parent=8045"}],"wp:term":[{"taxonomy":"category","embeddable":true,"href":"https:\/\/formalprision.com\/index.php?rest_route=%2Fwp%2Fv2%2Fcategories&post=8045"},{"taxonomy":"post_tag","embeddable":true,"href":"https:\/\/formalprision.com\/index.php?rest_route=%2Fwp%2Fv2%2Ftags&post=8045"}],"curies":[{"name":"wp","href":"https:\/\/api.w.org\/{rel}","templated":true}]}}