{"id":8046,"date":"2011-07-30T18:53:00","date_gmt":"2011-07-30T18:53:00","guid":{"rendered":"http:\/\/formalprision.info\/2011\/07\/30\/lllega-estados-unidos-el-ex-recluso\/"},"modified":"2015-06-03T08:56:17","modified_gmt":"2015-06-03T08:56:17","slug":"lllega-estados-unidos-el-ex-recluso","status":"publish","type":"post","link":"https:\/\/formalprision.com\/?p=8046","title":{"rendered":"Lllega a Estados Unidos el ex recluso yucateco Juan Jes\u00fas Fleitas,"},"content":{"rendered":"<p><a href=\"http:\/\/4.bp.blogspot.com\/-0A4ywzhJMfg\/TjOvJvXIZVI\/AAAAAAAAD3c\/9YNbw4QSD80\/s1600\/aaafl%25C3%25B1eitas%2Bellagarto.jpg\"><img decoding=\"async\" id=\"BLOGGER_PHOTO_ID_5635040140637791570\" style=\"FLOAT: left; MARGIN: 0px 10px 10px 0px; WIDTH: 320px; CURSOR: hand; HEIGHT: 170px\" alt=\"\" src=\"http:\/\/formalprision.com\/wp-content\/uploads\/2011\/07\/aaafl%C3%B1eitas-ellagarto.jpg\" border=\"0\" \/><\/a><\/p>\n<div>La Procuradur\u00eda General de la Rep\u00fablica envi\u00f3 ayer a Estados Unidos, con base en el Tratado de Extradici\u00f3n entre M\u00e9xico y ese pa\u00eds, al supuresto fugitivo cubano, Juan Jes\u00fas Fleitas (a) \u00abChino Fern\u00e1ndez\u00bb o \u00abRoberto Garc\u00eda\u00bb, quien purgaba una condena en M\u00e9rida con el nombre de\u00bbRoberto Garc\u00eda L\u00f3pez\u00bb. <\/div>\n<p><\/p>\n<div>Seg\u00fan la PGR, esta persona era buscada para terminar de compurgar las sentencias que le fueran impuestas por la Corte del Circuito del Decimoquinto Circuito Judicial para el Condado de Palm Beach, Florida, EUA, toda vez que el 4 de marzo de 1987 fue sentenciado por los delitos de homicidio, robo con un arma de fuego, allanamiento de morada con un arma peligrosa y tentativa de robo armado-<\/div>\n<p><\/p>\n<div>El escap\u00f3 el 2 de enero de 1995 de la c\u00e1rcel del Condado de Palm Beach, Florida, lugar donde se encontraba confinado. <\/div>\n<p><\/p>\n<div>Los hechos por los que fue condenado tuvieron lugar el 31 de octubre de 1985, cuando el extraditado, en compa\u00f1\u00eda de dos de sus c\u00f3mplices, dispar\u00f3 tres veces contra una persona del sexo masculino, mat\u00e1ndolo, cuando intentaban privarlo de su libertad, oblig\u00e1ndolo a llevarlos a su domicilio para perpetrar un robo a su casa habitaci\u00f3n. <\/div>\n<p><\/p>\n<div>Una vez agotadas las etapas del procedimiento de extradici\u00f3n iniciado por la Procuradur\u00eda General de la Rep\u00fablica, fue dictado el acuerdo correspondiente por el cual fue concedida la extradici\u00f3n del reclamado, quedando firme y ejecutable al agotarse los recursos legales a los que el reclamado ten\u00eda derecho. <\/div>\n<p><\/p>\n<div>Por lo anterior, el operativo de entrega se realiz\u00f3 ayer en el Aeropuerto Internacional de la Ciudad de M\u00e9xico, donde la Polic\u00eda Federal Ministerial entreg\u00f3 al extraditado a los elementos del Bur\u00f3 Federal de Investigaciones (FBI por sus siglas en ingl\u00e9s) del Gobierno estadounidense <\/div>\n","protected":false},"excerpt":{"rendered":"<p>La Procuradur\u00eda General de la Rep\u00fablica envi\u00f3 ayer a Estados Unidos, con base en el Tratado de Extradici\u00f3n entre M\u00e9xico y ese pa\u00eds, al supuresto fugitivo cubano, Juan Jes\u00fas Fleitas<\/p>\n","protected":false},"author":1,"featured_media":26105,"comment_status":"open","ping_status":"open","sticky":false,"template":"","format":"standard","meta":{"jetpack_post_was_ever_published":false,"_jetpack_newsletter_access":"","_jetpack_dont_email_post_to_subs":false,"_jetpack_newsletter_tier_id":0,"_jetpack_memberships_contains_paywalled_content":false,"_jetpack_memberships_contains_paid_content":false,"footnotes":"","jetpack_publicize_message":"","jetpack_publicize_feature_enabled":true,"jetpack_social_post_already_shared":false,"jetpack_social_options":{"image_generator_settings":{"template":"highway","default_image_id":0,"font":"","enabled":false},"version":2}},"categories":[45,3,1],"tags":[],"class_list":["post-8046","post","type-post","status-publish","format-standard","has-post-thumbnail","hentry","category-delincuentes-vip","category-portada","category-sin-categoria"],"jetpack_publicize_connections":[],"jetpack_featured_media_url":"https:\/\/formalprision.com\/wp-content\/uploads\/2011\/07\/aaafl%C3%B1eitas-ellagarto.jpg","jetpack_sharing_enabled":true,"jetpack_shortlink":"https:\/\/wp.me\/p6id8p-25M","_links":{"self":[{"href":"https:\/\/formalprision.com\/index.php?rest_route=\/wp\/v2\/posts\/8046","targetHints":{"allow":["GET"]}}],"collection":[{"href":"https:\/\/formalprision.com\/index.php?rest_route=\/wp\/v2\/posts"}],"about":[{"href":"https:\/\/formalprision.com\/index.php?rest_route=\/wp\/v2\/types\/post"}],"author":[{"embeddable":true,"href":"https:\/\/formalprision.com\/index.php?rest_route=\/wp\/v2\/users\/1"}],"replies":[{"embeddable":true,"href":"https:\/\/formalprision.com\/index.php?rest_route=%2Fwp%2Fv2%2Fcomments&post=8046"}],"version-history":[{"count":0,"href":"https:\/\/formalprision.com\/index.php?rest_route=\/wp\/v2\/posts\/8046\/revisions"}],"wp:featuredmedia":[{"embeddable":true,"href":"https:\/\/formalprision.com\/index.php?rest_route=\/wp\/v2\/media\/26105"}],"wp:attachment":[{"href":"https:\/\/formalprision.com\/index.php?rest_route=%2Fwp%2Fv2%2Fmedia&parent=8046"}],"wp:term":[{"taxonomy":"category","embeddable":true,"href":"https:\/\/formalprision.com\/index.php?rest_route=%2Fwp%2Fv2%2Fcategories&post=8046"},{"taxonomy":"post_tag","embeddable":true,"href":"https:\/\/formalprision.com\/index.php?rest_route=%2Fwp%2Fv2%2Ftags&post=8046"}],"curies":[{"name":"wp","href":"https:\/\/api.w.org\/{rel}","templated":true}]}}