{"id":80793,"date":"2020-09-30T21:01:11","date_gmt":"2020-10-01T02:01:11","guid":{"rendered":"http:\/\/formalprision.com\/?p=80793"},"modified":"2020-09-30T21:01:11","modified_gmt":"2020-10-01T02:01:11","slug":"amplian-horarios-de-mercados-municipales","status":"publish","type":"post","link":"https:\/\/formalprision.com\/?p=80793","title":{"rendered":"Ampl\u00edan horarios de mercados municipales"},"content":{"rendered":"\n<p>M\u00e9rida, 30 de septiembre de 2020. El Ayuntamiento de M\u00e9rida informa que a partir de este jueves 1 de octubre y en atenci\u00f3n a las necesidades y demandas de los locatarios, los mercados municipales permanecer\u00e1n abiertos de 6 de la ma\u00f1ana a 5 de la tarde, es decir, el horario se ampliar\u00e1 dos horas m\u00e1s.<\/p>\n\n\n\n<p><br>El subdirector de Mercados, Fernando Aguiar Sierra, record\u00f3 que con motivo de la pandemia hubo restricciones para el horario de venta al p\u00fablico, que conclu\u00eda a las 3 de la tarde, en ese sentido, el Ayuntamiento autoriza la ampliaci\u00f3n de dos horas m\u00e1s para brindar a los vendedores mayores oportunidades de recuperarse econ\u00f3micamente.<\/p>\n\n\n\n<p><br>Asimismo, inform\u00f3 que los giros no esenciales, como los dedicados a la venta de joyer\u00eda, sandalias, accesorios y reparaci\u00f3n de tel\u00e9fonos celulares, que ven\u00edan laborando de lunes a viernes, ahora lo har\u00e1n de martes a s\u00e1bado, para aprovechar la mayor afluencia de clientes que los mercados registran en las jornadas sabatinas. El horario para estos giros ser\u00e1 de martes a s\u00e1bado tambi\u00e9n de 6 a.m. a 5 p.m.<\/p>\n\n\n\n<p><br>Los giros esenciales, que ofrecen productos b\u00e1sicos, seguir\u00e1n laborando de lunes a domingo como hasta ahora.<\/p>\n\n\n\n<p><br>El Ayuntamiento, con base en el di\u00e1logo y respetando todos los protocolos establecidos por las autoridades sanitarias, acord\u00f3 estos nuevos ajustes para beneficio tanto de compradores como de locatarios.<\/p>\n\n\n\n<p><br>De igual forma, se exhorta a la ciudadan\u00eda que acude a los mercados a no llevar como acompa\u00f1antes a personas de la tercera edad, mujeres embarazadas o ni\u00f1os, ya que se les considera en el sector de la poblaci\u00f3n de riesgo.<\/p>\n\n\n\n<p><br>Cabe recordar que personal municipal contin\u00faa verificando que se cumplan las normas sanitarias establecidas por las autoridades estatales de Salud. Es indispensable que toda persona que ingrese a los mercados use de manera obligatoria y correctamente el cubrebocas, respete la sana distancia y utilice gel antibacterial.&#8211;&nbsp;<\/p>\n","protected":false},"excerpt":{"rendered":"<p>M\u00e9rida, 30 de septiembre de 2020. El Ayuntamiento de M\u00e9rida informa que a partir de este jueves 1 de octubre y en atenci\u00f3n a las necesidades y demandas de los<\/p>\n","protected":false},"author":1,"featured_media":78682,"comment_status":"open","ping_status":"open","sticky":false,"template":"","format":"standard","meta":{"jetpack_post_was_ever_published":false,"_jetpack_newsletter_access":"","_jetpack_dont_email_post_to_subs":false,"_jetpack_newsletter_tier_id":0,"_jetpack_memberships_contains_paywalled_content":false,"_jetpack_memberships_contains_paid_content":false,"footnotes":"","jetpack_publicize_message":"Permanecer\u00e1n abiertos de 6 de la ma\u00f1ana a 5 de la tarde, es decir el horario se ampliar\u00e1 dos horas m\u00e1s.","jetpack_publicize_feature_enabled":true,"jetpack_social_post_already_shared":true,"jetpack_social_options":{"image_generator_settings":{"template":"highway","default_image_id":0,"font":"","enabled":false},"version":2}},"categories":[14],"tags":[],"class_list":["post-80793","post","type-post","status-publish","format-standard","has-post-thumbnail","hentry","category-merida"],"jetpack_publicize_connections":[],"jetpack_featured_media_url":"https:\/\/formalprision.com\/wp-content\/uploads\/2020\/06\/9FA74692-A3C0-4DBB-BF0C-DF7AA5DEBB11.jpeg","jetpack_sharing_enabled":true,"jetpack_shortlink":"https:\/\/wp.me\/p6id8p-l17","_links":{"self":[{"href":"https:\/\/formalprision.com\/index.php?rest_route=\/wp\/v2\/posts\/80793","targetHints":{"allow":["GET"]}}],"collection":[{"href":"https:\/\/formalprision.com\/index.php?rest_route=\/wp\/v2\/posts"}],"about":[{"href":"https:\/\/formalprision.com\/index.php?rest_route=\/wp\/v2\/types\/post"}],"author":[{"embeddable":true,"href":"https:\/\/formalprision.com\/index.php?rest_route=\/wp\/v2\/users\/1"}],"replies":[{"embeddable":true,"href":"https:\/\/formalprision.com\/index.php?rest_route=%2Fwp%2Fv2%2Fcomments&post=80793"}],"version-history":[{"count":0,"href":"https:\/\/formalprision.com\/index.php?rest_route=\/wp\/v2\/posts\/80793\/revisions"}],"wp:featuredmedia":[{"embeddable":true,"href":"https:\/\/formalprision.com\/index.php?rest_route=\/wp\/v2\/media\/78682"}],"wp:attachment":[{"href":"https:\/\/formalprision.com\/index.php?rest_route=%2Fwp%2Fv2%2Fmedia&parent=80793"}],"wp:term":[{"taxonomy":"category","embeddable":true,"href":"https:\/\/formalprision.com\/index.php?rest_route=%2Fwp%2Fv2%2Fcategories&post=80793"},{"taxonomy":"post_tag","embeddable":true,"href":"https:\/\/formalprision.com\/index.php?rest_route=%2Fwp%2Fv2%2Ftags&post=80793"}],"curies":[{"name":"wp","href":"https:\/\/api.w.org\/{rel}","templated":true}]}}