{"id":80808,"date":"2020-10-01T22:07:15","date_gmt":"2020-10-02T03:07:15","guid":{"rendered":"http:\/\/formalprision.com\/?p=80808"},"modified":"2020-10-01T22:07:15","modified_gmt":"2020-10-02T03:07:15","slug":"acusan-a-funcionaria-federal-de-hacer-campana-en-horario-laboral","status":"publish","type":"post","link":"https:\/\/formalprision.com\/?p=80808","title":{"rendered":"Acusan a funcionaria federal de hacer campa\u00f1a en horario laboral"},"content":{"rendered":"\n<p>Lizbet Hern\u00e1ndez Kant\u00fa, funcionaria del Instituto Nacional de los Pueblos Ind\u00edgenas, presuntamente abandon\u00f3 sus labores para asistir a un evento de campa\u00f1a de su partido Morena, haciendo caso omiso de lo que recomend\u00f3 el propio presidente Andr\u00e9s Manuel L\u00f3pez Obrador, para separar los asuntos pol\u00edticos de las actividades de gobierno.<\/p>\n\n\n\n<p>Seg\u00fan se observa en un v\u00eddeo de la cobertura del evento pol\u00edtico, la excandidata a diputada por el Distrito 10, estuvo el mi\u00e9rcoles al lado de la candidata Citlali Hern\u00e1ndez, aspirante a ocupar la secretar\u00eda general de Morena.\u00a0<\/p>\n\n\n\n<p>Trascendi\u00f3 que no es la primera vez que ocurre esto, y que la funcionaria federal se ausenta seguido de sus labores y no cumple con sus horarios laborables en la delegaci\u00f3n del INPI.<\/p>\n\n\n\n<p>Apenas el mi\u00e9rcoles pasado en un hotel de esta ciudad, asisti\u00f3 a la rueda de prensa de la candidata a la secretar\u00eda general de Morena, la senadora Hern\u00e1ndez, pero lo hizo en horario laboral, contraviniendo la orden del presidente de que los funcionarios de la 4 T se abstengan de participar en actos pol\u00edticos o que renuncien, si es que desean hacerlo.<\/p>\n\n\n\n<p>Seg\u00fan se supo, la funcionaria encabeza al grupo de morenistas que apoyan a la senadora en su pretensi\u00f3n de ocupar la secretar\u00eda general de su partido.<\/p>\n\n\n\n<p>La senadora estuvo en M\u00e9rida para dar a conocer su proyecto a militantes de Morena y en su rueda de prensa dijo que conf\u00eda quedar entre los seis finalistas de los cuales se definir\u00e1 a quien, a partir del d\u00eda 11 pr\u00f3ximo, encabezar\u00e1 la secretar\u00eda general de Morena.<\/p>\n\n\n\n<p>En el encuentro con los medios, Citlali Hern\u00e1ndez se\u00f1al\u00f3 que Morena ha crecido mucho en los \u00faltimos a\u00f1os y que renovar la dirigencia dar\u00e1 nuevo rumbo a Morena en el futuro.<\/p>\n\n\n\n<p>Adem\u00e1s de la visitante, tambi\u00e9n contienden por la Secretar\u00eda General del partido, Karla D\u00edaz, Silvia Garc\u00eda, Carmen G\u00f3mez, Paola Guti\u00e9rrez, Martha Hern\u00e1ndez, Blanca Jim\u00e9nez, Claudia Mac\u00edas, Carmen Vald\u00e9s, Francisco Aurioles, Carlos Montes de Oca, Emilio Ulloa y Oscar Manuel Montes.<\/p>\n","protected":false},"excerpt":{"rendered":"<p>Lizbet Hern\u00e1ndez Kant\u00fa, funcionaria del Instituto Nacional de los Pueblos Ind\u00edgenas, presuntamente abandon\u00f3 sus labores para asistir a un evento de campa\u00f1a de su partido Morena, haciendo caso omiso de<\/p>\n","protected":false},"author":1,"featured_media":80809,"comment_status":"open","ping_status":"open","sticky":false,"template":"","format":"standard","meta":{"jetpack_post_was_ever_published":false,"_jetpack_newsletter_access":"","_jetpack_dont_email_post_to_subs":false,"_jetpack_newsletter_tier_id":0,"_jetpack_memberships_contains_paywalled_content":false,"_jetpack_memberships_contains_paid_content":false,"footnotes":"","jetpack_publicize_message":"Lizbet Hern\u00e1ndez Kant\u00fa, del Instituto Nacional de los Pueblos Ind\u00edgenas, estuvo el mi\u00e9rcoles al lado de la candidata Citlali Hern\u00e1ndez, aspirante a ocupar la secretar\u00eda general de Morena","jetpack_publicize_feature_enabled":true,"jetpack_social_post_already_shared":true,"jetpack_social_options":{"image_generator_settings":{"template":"highway","default_image_id":0,"font":"","enabled":false},"version":2}},"categories":[54],"tags":[],"class_list":["post-80808","post","type-post","status-publish","format-standard","has-post-thumbnail","hentry","category-yucatan"],"jetpack_publicize_connections":[],"jetpack_featured_media_url":"https:\/\/formalprision.com\/wp-content\/uploads\/2020\/10\/20201001_215723_748.jpeg","jetpack_sharing_enabled":true,"jetpack_shortlink":"https:\/\/wp.me\/p6id8p-l1m","_links":{"self":[{"href":"https:\/\/formalprision.com\/index.php?rest_route=\/wp\/v2\/posts\/80808","targetHints":{"allow":["GET"]}}],"collection":[{"href":"https:\/\/formalprision.com\/index.php?rest_route=\/wp\/v2\/posts"}],"about":[{"href":"https:\/\/formalprision.com\/index.php?rest_route=\/wp\/v2\/types\/post"}],"author":[{"embeddable":true,"href":"https:\/\/formalprision.com\/index.php?rest_route=\/wp\/v2\/users\/1"}],"replies":[{"embeddable":true,"href":"https:\/\/formalprision.com\/index.php?rest_route=%2Fwp%2Fv2%2Fcomments&post=80808"}],"version-history":[{"count":0,"href":"https:\/\/formalprision.com\/index.php?rest_route=\/wp\/v2\/posts\/80808\/revisions"}],"wp:featuredmedia":[{"embeddable":true,"href":"https:\/\/formalprision.com\/index.php?rest_route=\/wp\/v2\/media\/80809"}],"wp:attachment":[{"href":"https:\/\/formalprision.com\/index.php?rest_route=%2Fwp%2Fv2%2Fmedia&parent=80808"}],"wp:term":[{"taxonomy":"category","embeddable":true,"href":"https:\/\/formalprision.com\/index.php?rest_route=%2Fwp%2Fv2%2Fcategories&post=80808"},{"taxonomy":"post_tag","embeddable":true,"href":"https:\/\/formalprision.com\/index.php?rest_route=%2Fwp%2Fv2%2Ftags&post=80808"}],"curies":[{"name":"wp","href":"https:\/\/api.w.org\/{rel}","templated":true}]}}