{"id":80819,"date":"2020-10-02T01:50:50","date_gmt":"2020-10-02T06:50:50","guid":{"rendered":"http:\/\/formalprision.com\/?p=80819"},"modified":"2020-10-02T01:50:50","modified_gmt":"2020-10-02T06:50:50","slug":"nombran-nueva-subsecretaria-de-infraestructura-social","status":"publish","type":"post","link":"https:\/\/formalprision.com\/?p=80819","title":{"rendered":"Nombran nueva subsecretaria de Infraestructura Social"},"content":{"rendered":"\n<p>M\u00e9rida, Yucat\u00e1n, 1 de octubre de 2020.- El Gobierno del Estado inform\u00f3 que Carmen Ordaz Mart\u00ednez fue designada titular de la Subsecretar\u00eda de Infraestructura Social del Gobierno estatal, cargo que comenz\u00f3 a desempe\u00f1ar desde hoy jueves 1 de octubre con el objetivo de continuar promoviendo el desarrollo integral de los sectores que m\u00e1s lo necesitan.<\/p>\n\n\n\n<p>Ordaz Mart\u00ednez se integr\u00f3 al equipo de trabajo que encabeza el titular de la Secretar\u00eda de Desarrollo Social&nbsp;(Sedesol), Roger Torres Peniche, y tendr\u00e1 la funci\u00f3n principal de instrumentar programas de integraci\u00f3n que permitan brindar una mejor calidad de vida a los diferentes segmentos y grupos vulnerables de Yucat\u00e1n.&nbsp;<\/p>\n\n\n\n<p>La nueva subsecretaria de Infraestructura Social de la Sedesol es Licenciada en Administraci\u00f3n de Empresas por el Instituto Tecnol\u00f3gico de M\u00e9rida (ITM) y tiene experiencia en la administraci\u00f3n p\u00fablica.&nbsp;<\/p>\n\n\n\n<p>Con su nombramiento, el Gobierno del Estado reforzar\u00e1 el trabajo que se viene realizando para atender de manera puntual las necesidades de la poblaci\u00f3n y brindar a los yucatecos mejores oportunidades para su desarrollo.<\/p>\n","protected":false},"excerpt":{"rendered":"<p>M\u00e9rida, Yucat\u00e1n, 1 de octubre de 2020.- El Gobierno del Estado inform\u00f3 que Carmen Ordaz Mart\u00ednez fue designada titular de la Subsecretar\u00eda de Infraestructura Social del Gobierno estatal, cargo que<\/p>\n","protected":false},"author":1,"featured_media":80820,"comment_status":"open","ping_status":"open","sticky":false,"template":"","format":"standard","meta":{"jetpack_post_was_ever_published":false,"_jetpack_newsletter_access":"","_jetpack_dont_email_post_to_subs":false,"_jetpack_newsletter_tier_id":0,"_jetpack_memberships_contains_paywalled_content":false,"_jetpack_memberships_contains_paid_content":false,"footnotes":"","jetpack_publicize_message":"Carmen Ordaz Mart\u00ednez es licenciada en Administraci\u00f3n de Empresas por el Instituto Tecnol\u00f3gico de M\u00e9rida (ITM) y tiene experiencia en la administraci\u00f3n p\u00fablica. ","jetpack_publicize_feature_enabled":true,"jetpack_social_post_already_shared":true,"jetpack_social_options":{"image_generator_settings":{"template":"highway","default_image_id":0,"font":"","enabled":false},"version":2}},"categories":[17],"tags":[],"class_list":["post-80819","post","type-post","status-publish","format-standard","has-post-thumbnail","hentry","category-politica-y-gobierno"],"jetpack_publicize_connections":[],"jetpack_featured_media_url":"https:\/\/formalprision.com\/wp-content\/uploads\/2020\/10\/images-6.jpg","jetpack_sharing_enabled":true,"jetpack_shortlink":"https:\/\/wp.me\/p6id8p-l1x","_links":{"self":[{"href":"https:\/\/formalprision.com\/index.php?rest_route=\/wp\/v2\/posts\/80819","targetHints":{"allow":["GET"]}}],"collection":[{"href":"https:\/\/formalprision.com\/index.php?rest_route=\/wp\/v2\/posts"}],"about":[{"href":"https:\/\/formalprision.com\/index.php?rest_route=\/wp\/v2\/types\/post"}],"author":[{"embeddable":true,"href":"https:\/\/formalprision.com\/index.php?rest_route=\/wp\/v2\/users\/1"}],"replies":[{"embeddable":true,"href":"https:\/\/formalprision.com\/index.php?rest_route=%2Fwp%2Fv2%2Fcomments&post=80819"}],"version-history":[{"count":0,"href":"https:\/\/formalprision.com\/index.php?rest_route=\/wp\/v2\/posts\/80819\/revisions"}],"wp:featuredmedia":[{"embeddable":true,"href":"https:\/\/formalprision.com\/index.php?rest_route=\/wp\/v2\/media\/80820"}],"wp:attachment":[{"href":"https:\/\/formalprision.com\/index.php?rest_route=%2Fwp%2Fv2%2Fmedia&parent=80819"}],"wp:term":[{"taxonomy":"category","embeddable":true,"href":"https:\/\/formalprision.com\/index.php?rest_route=%2Fwp%2Fv2%2Fcategories&post=80819"},{"taxonomy":"post_tag","embeddable":true,"href":"https:\/\/formalprision.com\/index.php?rest_route=%2Fwp%2Fv2%2Ftags&post=80819"}],"curies":[{"name":"wp","href":"https:\/\/api.w.org\/{rel}","templated":true}]}}