{"id":80842,"date":"2020-10-03T02:30:32","date_gmt":"2020-10-03T07:30:32","guid":{"rendered":"http:\/\/formalprision.com\/?p=80842"},"modified":"2020-10-05T01:16:43","modified_gmt":"2020-10-05T06:16:43","slug":"lo-que-nos-faltaba-la-cfe-da-por-concluida-la-tarifa-de-verano","status":"publish","type":"post","link":"https:\/\/formalprision.com\/?p=80842","title":{"rendered":"Lo que nos faltaba: la CFE da por conclu\u00edda la tarifa de verano"},"content":{"rendered":"\n<p>Por si no fueran suficientes los problemas que a\u00fan genera la pandemia del coronavirus en Yucat\u00e1n, la CFE dio una muy mala noticia: el fin de las tarifas de verano.<\/p>\n\n\n\n<p>Y es que ello significa la reducci\u00f3n del subsidio al consumo de luz o lo que es lo mismo recibos de consumo m\u00e1s altos.<\/p>\n\n\n\n<p>Aunque el calor no cede en Yucat\u00e1n, el 30 de septiembre concluy\u00f3 la tarifa de verano, que se aplic\u00f3 desde el 1 de abril, lapso en el que los usuarios dom\u00e9sticos recibieron un mayor subsidio.<\/p>\n\n\n\n<p>Ahora, seg\u00fan la CFE, todo volver\u00e1 a la normalidaf y ser\u00e1 un buen golpe, ya que si bien subsidio no desaparece, ser\u00e1 menor.<\/p>\n\n\n\n<p>\u00abRecuerda que la aplicaci\u00f3n de <a href=\"https:\/\/mobile.twitter.com\/hashtag\/LaTarifaDeVerano2020?src=hashtag_click\">#LaTarifaDeVerano2020<\/a> llega a su fin, lo que significa que el apoyo gubernamental en tu recibo de luz regresa al esquema habitual. Para que tu econom\u00eda no se vea afectada sigue nuestros consejos de <a href=\"https:\/\/mobile.twitter.com\/hashtag\/EficienciaEnerg%C3%A9tica?src=hashtag_click\">#EficienciaEnerg\u00e9tica<\/a>\u00bb &#8211; as\u00ed anunci\u00f3 ayer la CFE en sus redes sociales el cambio de tarifa.<\/p>\n\n\n\n<p>Los reclamos de los internautas no se hicieron esperar, pues muchos consideran que se debi\u00f3 extender unas semanas m\u00e1s la tarifa anterior.<\/p>\n\n\n\n<p>Algunos usuarios anticiparon \u00ablo peor\u00bb, pues a\u00fan con la \u00abtarifa baja\u00bb los recibos han llegado muy altos, de manera que en los meses siguientes el incremento ser\u00e1 may\u00fasculo sin el subsidio.<\/p>\n\n\n\n<p>Adem\u00e1s, en la mayor\u00eda de las viviendas hay estudiantes tomando clases virtuales, de manera que deben pasarse horas en la computadora y muchos lo hacen usando ventiladores o aires acondicionados.<\/p>\n\n\n\n<p>El subsidio de la CFE era importante, ya que M\u00e9rida y sus comisar\u00edas se clasific\u00f3 como 1D, con una de las tarifas m\u00e1s bajas, de manera que se calcula que las tarifas en teor\u00eda se redujeron de abril a septiembre entre un 10 y un 30 por ciento, de acuerdo con el consumo del predio.<\/p>\n\n\n\n<p>Seg\u00fan informaci\u00f3n de la propia CFE, la tarifa dom\u00e9stica 1D, ten\u00eda un subsidio de hasta 2,000 kilowatts por bimestre. En la 1C, el subsidio llega a 1,700 kwt y en la 1B es de 800 <\/p>\n\n\n\n<p>Desde octubre del 2017 M\u00e9rida y sus comisar\u00edas fueron reclasificadas a la tarifa 1D, ya que anteriormente hab\u00eda zonas con tarifa 1C y otras con 1B, lo que generaba recibos de alto precio en los hogares.<\/p>\n\n\n\n<p>La tarifa de verano se da para la \u00e9poca de mayor consumo de luz por el uso de ventiladores, refrigeradores y aires acondicionados.<\/p>\n\n\n\n<p>Durante el periodo de invierno, que va de octubre a marzo, el subsidio se reduce porque se supone que no hace tanto calor, pero en realidad si lo hay, pues las temperaturas comienzan a descender hasta mediados o finales de diciembre.<\/p>\n\n\n\n<p>Se recomienda moderar el uso de aires acondicionados a fin de evitar altos consumos.<\/p>\n","protected":false},"excerpt":{"rendered":"<p>Por si no fueran suficientes los problemas que a\u00fan genera la pandemia del coronavirus en Yucat\u00e1n, la CFE dio una muy mala noticia: el fin de las tarifas de verano.<\/p>\n","protected":false},"author":1,"featured_media":80843,"comment_status":"open","ping_status":"open","sticky":false,"template":"","format":"standard","meta":{"jetpack_post_was_ever_published":false,"_jetpack_newsletter_access":"","_jetpack_dont_email_post_to_subs":false,"_jetpack_newsletter_tier_id":0,"_jetpack_memberships_contains_paywalled_content":false,"_jetpack_memberships_contains_paid_content":false,"footnotes":"","jetpack_publicize_message":"Ahora, la luz es m\u00e1s cara, pues el gobierno reduce el subsidio porque supone que ya no habr\u00e1 tanto calor. Ocurre precisamente ahora que estudiantes deben pasarse horas en la computadora y muchos lo hacen usando ventiladores o aires acondicionados","jetpack_publicize_feature_enabled":true,"jetpack_social_post_already_shared":true,"jetpack_social_options":{"image_generator_settings":{"template":"highway","default_image_id":0,"font":"","enabled":false},"version":2}},"categories":[54],"tags":[],"class_list":["post-80842","post","type-post","status-publish","format-standard","has-post-thumbnail","hentry","category-yucatan"],"jetpack_publicize_connections":[],"jetpack_featured_media_url":"https:\/\/formalprision.com\/wp-content\/uploads\/2020\/10\/Screenshot_20201003_015551.jpg","jetpack_sharing_enabled":true,"jetpack_shortlink":"https:\/\/wp.me\/p6id8p-l1U","_links":{"self":[{"href":"https:\/\/formalprision.com\/index.php?rest_route=\/wp\/v2\/posts\/80842","targetHints":{"allow":["GET"]}}],"collection":[{"href":"https:\/\/formalprision.com\/index.php?rest_route=\/wp\/v2\/posts"}],"about":[{"href":"https:\/\/formalprision.com\/index.php?rest_route=\/wp\/v2\/types\/post"}],"author":[{"embeddable":true,"href":"https:\/\/formalprision.com\/index.php?rest_route=\/wp\/v2\/users\/1"}],"replies":[{"embeddable":true,"href":"https:\/\/formalprision.com\/index.php?rest_route=%2Fwp%2Fv2%2Fcomments&post=80842"}],"version-history":[{"count":0,"href":"https:\/\/formalprision.com\/index.php?rest_route=\/wp\/v2\/posts\/80842\/revisions"}],"wp:featuredmedia":[{"embeddable":true,"href":"https:\/\/formalprision.com\/index.php?rest_route=\/wp\/v2\/media\/80843"}],"wp:attachment":[{"href":"https:\/\/formalprision.com\/index.php?rest_route=%2Fwp%2Fv2%2Fmedia&parent=80842"}],"wp:term":[{"taxonomy":"category","embeddable":true,"href":"https:\/\/formalprision.com\/index.php?rest_route=%2Fwp%2Fv2%2Fcategories&post=80842"},{"taxonomy":"post_tag","embeddable":true,"href":"https:\/\/formalprision.com\/index.php?rest_route=%2Fwp%2Fv2%2Ftags&post=80842"}],"curies":[{"name":"wp","href":"https:\/\/api.w.org\/{rel}","templated":true}]}}