{"id":80868,"date":"2020-10-05T00:26:36","date_gmt":"2020-10-05T05:26:36","guid":{"rendered":"http:\/\/formalprision.com\/?p=80868"},"modified":"2020-10-05T00:26:36","modified_gmt":"2020-10-05T05:26:36","slug":"chichen-itza-reabrira-el-martes-6-informa-cultur","status":"publish","type":"post","link":"https:\/\/formalprision.com\/?p=80868","title":{"rendered":"Chich\u00e9n Itz\u00e1 reabrir\u00e1 el martes 6,  informa Cultur"},"content":{"rendered":"\n<p>M\u00e9rida, Yucat\u00e1n, a 4 de octubre de 2020. El director de Cultur, Mauricio D\u00edaz Montalvo, inform\u00f3 que ser\u00e1 hasta el martes 6 cuando se reabrir\u00e1n nuevamente al p\u00fablico las instalaciones del parador tur\u00edstico y la zona arqueol\u00f3gica de Chich\u00e9n Itz\u00e1.<\/p>\n\n\n\n<p>Agreg\u00f3 que en coordinaci\u00f3n con el director del INAH en Chich\u00e9n Itz\u00e1, Marco Antonio Santos Ram\u00edrez, se trabaja intensamente para que esa fecha todo quede restablecido, es decir que ya se cuente con energ\u00eda el\u00e9ctrica, los senderos est\u00e9n limpios y seguros, y se hayan retirado los \u00e1rboles y ramas que se desplomaron por el paso de la tormenta \u00abGamma\u00bb.<\/p>\n\n\n\n<p>Se agradece la comprensi\u00f3n de los visitantes, reiterando que el cierre fue una medida de seguridad.<\/p>\n","protected":false},"excerpt":{"rendered":"<p>M\u00e9rida, Yucat\u00e1n, a 4 de octubre de 2020. El director de Cultur, Mauricio D\u00edaz Montalvo, inform\u00f3 que ser\u00e1 hasta el martes 6 cuando se reabrir\u00e1n nuevamente al p\u00fablico las instalaciones<\/p>\n","protected":false},"author":1,"featured_media":80641,"comment_status":"open","ping_status":"open","sticky":false,"template":"","format":"standard","meta":{"jetpack_post_was_ever_published":false,"_jetpack_newsletter_access":"","_jetpack_dont_email_post_to_subs":false,"_jetpack_newsletter_tier_id":0,"_jetpack_memberships_contains_paywalled_content":false,"_jetpack_memberships_contains_paid_content":false,"footnotes":"","jetpack_publicize_message":"","jetpack_publicize_feature_enabled":true,"jetpack_social_post_already_shared":true,"jetpack_social_options":{"image_generator_settings":{"template":"highway","default_image_id":0,"font":"","enabled":false},"version":2}},"categories":[1589],"tags":[],"class_list":["post-80868","post","type-post","status-publish","format-standard","has-post-thumbnail","hentry","category-rotador-inferior"],"jetpack_publicize_connections":[],"jetpack_featured_media_url":"https:\/\/formalprision.com\/wp-content\/uploads\/2020\/09\/image00004-8.jpeg","jetpack_sharing_enabled":true,"jetpack_shortlink":"https:\/\/wp.me\/p6id8p-l2k","_links":{"self":[{"href":"https:\/\/formalprision.com\/index.php?rest_route=\/wp\/v2\/posts\/80868","targetHints":{"allow":["GET"]}}],"collection":[{"href":"https:\/\/formalprision.com\/index.php?rest_route=\/wp\/v2\/posts"}],"about":[{"href":"https:\/\/formalprision.com\/index.php?rest_route=\/wp\/v2\/types\/post"}],"author":[{"embeddable":true,"href":"https:\/\/formalprision.com\/index.php?rest_route=\/wp\/v2\/users\/1"}],"replies":[{"embeddable":true,"href":"https:\/\/formalprision.com\/index.php?rest_route=%2Fwp%2Fv2%2Fcomments&post=80868"}],"version-history":[{"count":0,"href":"https:\/\/formalprision.com\/index.php?rest_route=\/wp\/v2\/posts\/80868\/revisions"}],"wp:featuredmedia":[{"embeddable":true,"href":"https:\/\/formalprision.com\/index.php?rest_route=\/wp\/v2\/media\/80641"}],"wp:attachment":[{"href":"https:\/\/formalprision.com\/index.php?rest_route=%2Fwp%2Fv2%2Fmedia&parent=80868"}],"wp:term":[{"taxonomy":"category","embeddable":true,"href":"https:\/\/formalprision.com\/index.php?rest_route=%2Fwp%2Fv2%2Fcategories&post=80868"},{"taxonomy":"post_tag","embeddable":true,"href":"https:\/\/formalprision.com\/index.php?rest_route=%2Fwp%2Fv2%2Ftags&post=80868"}],"curies":[{"name":"wp","href":"https:\/\/api.w.org\/{rel}","templated":true}]}}