{"id":81075,"date":"2020-10-14T00:05:52","date_gmt":"2020-10-14T05:05:52","guid":{"rendered":"http:\/\/formalprision.com\/?p=81075"},"modified":"2020-10-14T00:05:52","modified_gmt":"2020-10-14T05:05:52","slug":"cristiano-ronaldo-da-positivo-a-coronavirus","status":"publish","type":"post","link":"https:\/\/formalprision.com\/?p=81075","title":{"rendered":"Cristiano Ronaldo da positivo a coronavirus"},"content":{"rendered":"\n<p>La&nbsp;<strong>Federaci\u00f3n Portuguesa de F\u00fatbol&nbsp;<\/strong>ha comunicado que el delantero de la Juventus de Tur\u00edn, Cristiano Ronaldo, ha dado positivo por coronavirus y, por tanto,&nbsp;<strong>no estar\u00e1 en el partido del pr\u00f3ximo mi\u00e9rcoles en Lisboa ante Suecia<\/strong>, correspondiente a la UEFA Nations League, de la que Portugal es vigente campeona.<\/p>\n\n\n\n<p>El jugador se encuentra<strong>&nbsp;aislado y asintom\u00e1tico<\/strong>. Seg\u00fan el comunicado de la FPF, el resto de la selecci\u00f3n lusa ha dado negativo en los consiguientes controles, por lo que no habr\u00e1 problemas por el momento para disputar dicho encuentro ante el combinado sueco.<a href=\"http:\/\/videos.marca.com\/v\/0_6t0vvgor\"><\/a><\/p>\n\n\n\n<p>Adem\u00e1s del partido con su selecci\u00f3n es de esperar que se pierda los siguientes partidos con la Juventus de Tur\u00edn, entre los que se encontrar\u00e1 el debut en Champions.&nbsp;<strong>El pr\u00f3ximo s\u00e1bado se enfrenta al Crotone<\/strong>&nbsp;en la jornada de la Serie A, mientras que el equipo de Andrea Pirlo viaja a Ucrana en la primera jornada de Champions, para medirse al&nbsp;<strong>Dinamo de Kiev<\/strong>, el pr\u00f3ximo martes.<\/p>\n\n\n\n<p>El delantero del&nbsp;<strong>Juventus&nbsp;<\/strong>es el tercer jugador de&nbsp;<strong>Portugal&nbsp;<\/strong>que da positivo en las pruebas de&nbsp;<strong>COVID-19<\/strong>, despu\u00e9s de los casos de&nbsp;<strong>Jos\u00e9 Fonte<\/strong>&nbsp;y&nbsp;<strong>Anthony Lopes<\/strong>.<\/p>\n\n\n\n<p>Ronaldo, de 35 a\u00f1os, fue titular el pasado domingo en el partido que Portugal jug\u00f3 en&nbsp;<strong>Par\u00eds&nbsp;<\/strong>contra la selecci\u00f3n francesa, de la Liga de Naciones.<\/p>\n","protected":false},"excerpt":{"rendered":"<p>La&nbsp;Federaci\u00f3n Portuguesa de F\u00fatbol&nbsp;ha comunicado que el delantero de la Juventus de Tur\u00edn, Cristiano Ronaldo, ha dado positivo por coronavirus y, por tanto,&nbsp;no estar\u00e1 en el partido del pr\u00f3ximo mi\u00e9rcoles<\/p>\n","protected":false},"author":1,"featured_media":81076,"comment_status":"open","ping_status":"open","sticky":false,"template":"","format":"standard","meta":{"jetpack_post_was_ever_published":false,"_jetpack_newsletter_access":"","_jetpack_dont_email_post_to_subs":false,"_jetpack_newsletter_tier_id":0,"_jetpack_memberships_contains_paywalled_content":false,"_jetpack_memberships_contains_paid_content":false,"footnotes":"","jetpack_publicize_message":"Es asintom\u00e1tico y por lo menos no estar\u00e1 en el partido de este mi\u00e9rcoles en Lisboa ante Suecia, correspondiente a la UEFA Nations League, de la que Portugal es vigente campeona","jetpack_publicize_feature_enabled":true,"jetpack_social_post_already_shared":true,"jetpack_social_options":{"image_generator_settings":{"template":"highway","default_image_id":0,"font":"","enabled":false},"version":2}},"categories":[4],"tags":[],"class_list":["post-81075","post","type-post","status-publish","format-standard","has-post-thumbnail","hentry","category-deportes"],"jetpack_publicize_connections":[],"jetpack_featured_media_url":"https:\/\/formalprision.com\/wp-content\/uploads\/2020\/10\/Screenshot_20201014_000302.jpg","jetpack_sharing_enabled":true,"jetpack_shortlink":"https:\/\/wp.me\/p6id8p-l5F","_links":{"self":[{"href":"https:\/\/formalprision.com\/index.php?rest_route=\/wp\/v2\/posts\/81075","targetHints":{"allow":["GET"]}}],"collection":[{"href":"https:\/\/formalprision.com\/index.php?rest_route=\/wp\/v2\/posts"}],"about":[{"href":"https:\/\/formalprision.com\/index.php?rest_route=\/wp\/v2\/types\/post"}],"author":[{"embeddable":true,"href":"https:\/\/formalprision.com\/index.php?rest_route=\/wp\/v2\/users\/1"}],"replies":[{"embeddable":true,"href":"https:\/\/formalprision.com\/index.php?rest_route=%2Fwp%2Fv2%2Fcomments&post=81075"}],"version-history":[{"count":0,"href":"https:\/\/formalprision.com\/index.php?rest_route=\/wp\/v2\/posts\/81075\/revisions"}],"wp:featuredmedia":[{"embeddable":true,"href":"https:\/\/formalprision.com\/index.php?rest_route=\/wp\/v2\/media\/81076"}],"wp:attachment":[{"href":"https:\/\/formalprision.com\/index.php?rest_route=%2Fwp%2Fv2%2Fmedia&parent=81075"}],"wp:term":[{"taxonomy":"category","embeddable":true,"href":"https:\/\/formalprision.com\/index.php?rest_route=%2Fwp%2Fv2%2Fcategories&post=81075"},{"taxonomy":"post_tag","embeddable":true,"href":"https:\/\/formalprision.com\/index.php?rest_route=%2Fwp%2Fv2%2Ftags&post=81075"}],"curies":[{"name":"wp","href":"https:\/\/api.w.org\/{rel}","templated":true}]}}