{"id":81078,"date":"2020-10-14T00:56:35","date_gmt":"2020-10-14T05:56:35","guid":{"rendered":"http:\/\/formalprision.com\/?p=81078"},"modified":"2020-10-16T01:41:10","modified_gmt":"2020-10-16T06:41:10","slug":"37-anos-de-carcel-a-profesor-de-primaria-que-violo-a-varias-alumnas","status":"publish","type":"post","link":"https:\/\/formalprision.com\/?p=81078","title":{"rendered":"37 a\u00f1os de c\u00e1rcel a profesor de primaria que viol\u00f3 a varias alumnas"},"content":{"rendered":"\n<p>El Tribunal Segundo de Enjuiciamiento sentenci\u00f3 a 37 a\u00f1os y 11 meses de c\u00e1rcel de c\u00e1rcel al maestro Jorge Javier Canch\u00e9 Ortiz, se\u00f1alado como violador serial de menores.<\/p>\n\n\n\n<p>Fue condenado por abusar de una ni\u00f1a de siete a\u00f1os de edad, aunque se cree que hizo lo mismo con al menos ocho ni\u00f1as, todas menores de 10 a\u00f1os.<\/p>\n\n\n\n<p>El profesor, actualmente de 31 a\u00f1os de edad, tambi\u00e9n fue sentenciado al pago de una multa de 888 veces la Unidad de Medida y Actualizaci\u00f3n (UMA) equivalente a $75,027.12 M.N..\u00a0<br>Se le destituy\u00f3 de su empleo como maestro de primaria y le negaron los beneficios sustitutivos de prisi\u00f3n, por lo que deber\u00e1 pasar todo ese tiempo preso.\u00a0<\/p>\n\n\n\n<p>Asimismo, se le impuso el pago por la reparaci\u00f3n del da\u00f1o moral por la cantidad de $200,000 y se estableci qu no puede acercarse a la menor y a la denunciante, as\u00ed como a su domicilio, de manera definitiva despu\u00e9s del cumplimiento de la sentencia.\u00a0<\/p>\n\n\n\n<p>El Tribunal tambi\u00e9n determin\u00f3 que la Fiscal\u00eda debe realizar gestiones para asegurarse que la v\u00edctima reciba apoyo psicol\u00f3gico de inmediato.<\/p>\n\n\n\n<p>Fue hallado culpable de los delitos de violaci\u00f3n equiparada (3) y abuso sexual (2), por hechos ocurridos en Kanas\u00edn.\u00a0<\/p>\n\n\n\n<p>El Tribunal estuvo\u00a0 integrado por los Jueces Sergio Javier Marfil G\u00f3mez (presidente para este caso), \u00a0Mar\u00eda del Socorro Tamayo Aranda y Ver\u00f3nica de Jes\u00fas Burgos P\u00e9rez.\u00a0<\/p>\n\n\n\n<p>Seg\u00fan el expediente, era maestro de segundo grado en una escuela del fraccionamiento Cielo Alto, en Kanas\u00edn.\u00a0<\/p>\n\n\n\n<p>Las denuncias indican que no le impuso la c\u00f3pula a todas las ni\u00f1as, pues a algunas les introduc\u00eda los dedos, incluso manoseaba a los varones. Ellas relataron que les met\u00eda la mano bajo la ropa \u00edntima y les introduc\u00eda el dedo.\u00a0<\/p>\n\n\n\n<p>Los abusos habr\u00edan ocurrido, seg\u00fan las denuncias, del 30 de abril al 4 de mayo de 2019.<\/p>\n\n\n\n<p>Los hechos se descubrieron cuando la ni\u00f1a de 7 a\u00f1os refiri\u00f3 que le dol\u00eda mucho al ir al ba\u00f1o desde que su maestro le introdujo su dedo en la regi\u00f3n anal.\u00a0<\/p>\n\n\n\n<p>Alarmados, los padres la llevaron con un m\u00e9dico, que confirm\u00f3 que presentaba rastros de ataque sexual.\u00a0<\/p>\n\n\n\n<p>Los afectados contactaron a otros padres, que cuestionaron a sus hijos y de ah\u00ed surgieron los relatos de otros abusos.<\/p>\n","protected":false},"excerpt":{"rendered":"<p>El Tribunal Segundo de Enjuiciamiento sentenci\u00f3 a 37 a\u00f1os y 11 meses de c\u00e1rcel de c\u00e1rcel al maestro Jorge Javier Canch\u00e9 Ortiz, se\u00f1alado como violador serial de menores. Fue condenado<\/p>\n","protected":false},"author":1,"featured_media":81079,"comment_status":"open","ping_status":"open","sticky":false,"template":"","format":"standard","meta":{"jetpack_post_was_ever_published":false,"_jetpack_newsletter_access":"","_jetpack_dont_email_post_to_subs":false,"_jetpack_newsletter_tier_id":0,"_jetpack_memberships_contains_paywalled_content":false,"_jetpack_memberships_contains_paid_content":false,"footnotes":"","jetpack_publicize_message":"Daba clases en Kanas\u00edn y fue condenado por abusar de una ni\u00f1a de siete a\u00f1os, aunque hay indicios de que hizo lo mismo con al menos ocho ni\u00f1as, todas menores de 10 a\u00f1os.","jetpack_publicize_feature_enabled":true,"jetpack_social_post_already_shared":true,"jetpack_social_options":{"image_generator_settings":{"template":"highway","default_image_id":0,"font":"","enabled":false},"version":2}},"categories":[55,54],"tags":[],"class_list":["post-81078","post","type-post","status-publish","format-standard","has-post-thumbnail","hentry","category-violines","category-yucatan"],"jetpack_publicize_connections":[],"jetpack_featured_media_url":"https:\/\/formalprision.com\/wp-content\/uploads\/2020\/10\/images-7.jpg","jetpack_sharing_enabled":true,"jetpack_shortlink":"https:\/\/wp.me\/p6id8p-l5I","_links":{"self":[{"href":"https:\/\/formalprision.com\/index.php?rest_route=\/wp\/v2\/posts\/81078","targetHints":{"allow":["GET"]}}],"collection":[{"href":"https:\/\/formalprision.com\/index.php?rest_route=\/wp\/v2\/posts"}],"about":[{"href":"https:\/\/formalprision.com\/index.php?rest_route=\/wp\/v2\/types\/post"}],"author":[{"embeddable":true,"href":"https:\/\/formalprision.com\/index.php?rest_route=\/wp\/v2\/users\/1"}],"replies":[{"embeddable":true,"href":"https:\/\/formalprision.com\/index.php?rest_route=%2Fwp%2Fv2%2Fcomments&post=81078"}],"version-history":[{"count":0,"href":"https:\/\/formalprision.com\/index.php?rest_route=\/wp\/v2\/posts\/81078\/revisions"}],"wp:featuredmedia":[{"embeddable":true,"href":"https:\/\/formalprision.com\/index.php?rest_route=\/wp\/v2\/media\/81079"}],"wp:attachment":[{"href":"https:\/\/formalprision.com\/index.php?rest_route=%2Fwp%2Fv2%2Fmedia&parent=81078"}],"wp:term":[{"taxonomy":"category","embeddable":true,"href":"https:\/\/formalprision.com\/index.php?rest_route=%2Fwp%2Fv2%2Fcategories&post=81078"},{"taxonomy":"post_tag","embeddable":true,"href":"https:\/\/formalprision.com\/index.php?rest_route=%2Fwp%2Fv2%2Ftags&post=81078"}],"curies":[{"name":"wp","href":"https:\/\/api.w.org\/{rel}","templated":true}]}}