{"id":8111,"date":"2011-07-13T21:44:00","date_gmt":"2011-07-13T21:44:00","guid":{"rendered":"http:\/\/formalprision.info\/2011\/07\/13\/ex-jefe-policiaco-detenido-por-vender\/"},"modified":"2015-06-03T08:56:31","modified_gmt":"2015-06-03T08:56:31","slug":"ex-jefe-policiaco-detenido-por-vender","status":"publish","type":"post","link":"https:\/\/formalprision.com\/?p=8111","title":{"rendered":"Ex jefe polic\u00edaco detenido por vender chevas en su cantina fuera de horario"},"content":{"rendered":"<p><a href=\"http:\/\/3.bp.blogspot.com\/-W6Hxk0w5bdM\/Th3Ml6Xw7MI\/AAAAAAAADvk\/06bs9guTjdE\/s1600\/aaaaaborradores.jpg\"><img decoding=\"async\" id=\"BLOGGER_PHOTO_ID_5628880060979145922\" style=\"FLOAT: left; MARGIN: 0px 10px 10px 0px; WIDTH: 214px; CURSOR: hand; HEIGHT: 320px\" alt=\"\" src=\"http:\/\/formalprision.com\/wp-content\/uploads\/2011\/07\/aaaaaborradores.jpg\" border=\"0\" \/><\/a><\/p>\n<p><\/p>\n<div>Progreso.- (Corresponsal\u00eda Yucat\u00e1n Press) La Polic\u00eda Municipal de Progreso report\u00f3 la detenci\u00f3n del ex jefe polic\u00edaco Jos\u00e9 Antonio Escalante Baqueiro, propietario de una cantina que funcionaba fuera de horario en ese puerto.<\/div>\n<div>La detenci\u00f3n de Escalante Baqueiro, quien fuera subdirector de la Polic\u00eda Municipal hace una d\u00e9cada, ocurri\u00f3 a las 23:12 horas del domingo, cuando agentes detectaron que el establecimiento \u00abLa Poza del Xix\u00bb operaba fuera del horario establecido.<\/div>\n<div>La corporaci\u00f3n inform\u00f3 que se procedi\u00f3 con la clausura del establecimiento, as\u00ed como con la detenci\u00f3n de Jos\u00e9 Antonio Escalante, quien en el puerto es conocido como \u00abXix\u00bb.<\/div>\n<div>La detenci\u00f3n estuvo a cargo de la unidad 7031 a cargo del comandante Jorge Yerbes Cupul y los elementos Liliana Ger\u00f3nimo Mar\u00edn y Ernesto Ramos Ku<\/div>\n","protected":false},"excerpt":{"rendered":"<p>Progreso.- (Corresponsal\u00eda Yucat\u00e1n Press) La Polic\u00eda Municipal de Progreso report\u00f3 la detenci\u00f3n del ex jefe polic\u00edaco Jos\u00e9 Antonio Escalante Baqueiro, propietario de una cantina que funcionaba fuera de horario en<\/p>\n","protected":false},"author":1,"featured_media":26225,"comment_status":"open","ping_status":"open","sticky":false,"template":"","format":"standard","meta":{"jetpack_post_was_ever_published":false,"_jetpack_newsletter_access":"","_jetpack_dont_email_post_to_subs":false,"_jetpack_newsletter_tier_id":0,"_jetpack_memberships_contains_paywalled_content":false,"_jetpack_memberships_contains_paid_content":false,"footnotes":"","jetpack_publicize_message":"","jetpack_publicize_feature_enabled":true,"jetpack_social_post_already_shared":false,"jetpack_social_options":{"image_generator_settings":{"template":"highway","default_image_id":0,"font":"","enabled":false},"version":2}},"categories":[3,1,53],"tags":[],"class_list":["post-8111","post","type-post","status-publish","format-standard","has-post-thumbnail","hentry","category-portada","category-sin-categoria","category-yo-no-fui"],"jetpack_publicize_connections":[],"jetpack_featured_media_url":"https:\/\/formalprision.com\/wp-content\/uploads\/2011\/07\/aaaaaborradores.jpg","jetpack_sharing_enabled":true,"jetpack_shortlink":"https:\/\/wp.me\/p6id8p-26P","_links":{"self":[{"href":"https:\/\/formalprision.com\/index.php?rest_route=\/wp\/v2\/posts\/8111","targetHints":{"allow":["GET"]}}],"collection":[{"href":"https:\/\/formalprision.com\/index.php?rest_route=\/wp\/v2\/posts"}],"about":[{"href":"https:\/\/formalprision.com\/index.php?rest_route=\/wp\/v2\/types\/post"}],"author":[{"embeddable":true,"href":"https:\/\/formalprision.com\/index.php?rest_route=\/wp\/v2\/users\/1"}],"replies":[{"embeddable":true,"href":"https:\/\/formalprision.com\/index.php?rest_route=%2Fwp%2Fv2%2Fcomments&post=8111"}],"version-history":[{"count":0,"href":"https:\/\/formalprision.com\/index.php?rest_route=\/wp\/v2\/posts\/8111\/revisions"}],"wp:featuredmedia":[{"embeddable":true,"href":"https:\/\/formalprision.com\/index.php?rest_route=\/wp\/v2\/media\/26225"}],"wp:attachment":[{"href":"https:\/\/formalprision.com\/index.php?rest_route=%2Fwp%2Fv2%2Fmedia&parent=8111"}],"wp:term":[{"taxonomy":"category","embeddable":true,"href":"https:\/\/formalprision.com\/index.php?rest_route=%2Fwp%2Fv2%2Fcategories&post=8111"},{"taxonomy":"post_tag","embeddable":true,"href":"https:\/\/formalprision.com\/index.php?rest_route=%2Fwp%2Fv2%2Ftags&post=8111"}],"curies":[{"name":"wp","href":"https:\/\/api.w.org\/{rel}","templated":true}]}}