{"id":8114,"date":"2011-07-13T17:55:00","date_gmt":"2011-07-13T17:55:00","guid":{"rendered":"http:\/\/formalprision.info\/2011\/07\/13\/se-incendia-camioneta-de-un-ex-director\/"},"modified":"2015-06-03T08:56:31","modified_gmt":"2015-06-03T08:56:31","slug":"se-incendia-camioneta-de-un-ex-director","status":"publish","type":"post","link":"https:\/\/formalprision.com\/?p=8114","title":{"rendered":"Se incendia camioneta de un ex director de Espect\u00e1culos"},"content":{"rendered":"<p><a href=\"http:\/\/3.bp.blogspot.com\/-rEAb3FPVVbw\/Th3SLeZCLUI\/AAAAAAAADvs\/RbdXwRnShZw\/s1600\/aaaabajalenuey.jpg\"><img decoding=\"async\" id=\"BLOGGER_PHOTO_ID_5628886203861445954\" style=\"FLOAT: left; MARGIN: 0px 10px 10px 0px; WIDTH: 320px; CURSOR: hand; HEIGHT: 214px\" alt=\"\" src=\"http:\/\/formalprision.com\/wp-content\/uploads\/2011\/07\/aaaabajalenuey.jpg\" border=\"0\" \/><\/a><\/p>\n<div>Por esas cosas curiosas que tiene la vida, en todo un espect\u00e1culo se convirti\u00f3 ayer el incendio de una camioneta del ex director de Espect\u00e1culos del Ayuntamiento de Proreso.<\/div>\n<div>El siniestro ocurri\u00f3 a las 11:38 horas, en el libramiento a Chicxuluby fue originado por un cortocircuito.<\/div>\n<p><\/p>\n<div>La camioneta siniestrada era una Chevrolet, pickup con placas de circulaci\u00f3n YP 15111.<br \/>La unidad, seg\u00fan la Polic\u00eda Municipal, es propiedad de Jes\u00fas Javier Camejo Rodr\u00edguez, de 38 a\u00f1os de edad, quien en la pasada administraci\u00f3n se desempe\u00f1\u00f3 como Director de Espect\u00e1culos.<br \/>La camioneta era conducida por Jos\u00e9 Euan Patr\u00f3n. de 46 a\u00f1os de edad, con domicilio en la hacienda San Ignacio, quien manifest\u00f3 que en determinado momento vio salir humo de la zona del motor, raz\u00f3n por la cual detuvo el veh\u00edculo en espera de auxilio de las autoridades correspondientes, quedando totalmente carbonizada.<\/div>\n","protected":false},"excerpt":{"rendered":"<p>Por esas cosas curiosas que tiene la vida, en todo un espect\u00e1culo se convirti\u00f3 ayer el incendio de una camioneta del ex director de Espect\u00e1culos del Ayuntamiento de Proreso. El<\/p>\n","protected":false},"author":1,"featured_media":26231,"comment_status":"open","ping_status":"open","sticky":false,"template":"","format":"standard","meta":{"jetpack_post_was_ever_published":false,"_jetpack_newsletter_access":"","_jetpack_dont_email_post_to_subs":false,"_jetpack_newsletter_tier_id":0,"_jetpack_memberships_contains_paywalled_content":false,"_jetpack_memberships_contains_paid_content":false,"footnotes":"","jetpack_publicize_message":"","jetpack_publicize_feature_enabled":true,"jetpack_social_post_already_shared":false,"jetpack_social_options":{"image_generator_settings":{"template":"highway","default_image_id":0,"font":"","enabled":false},"version":2}},"categories":[56,3,1],"tags":[],"class_list":["post-8114","post","type-post","status-publish","format-standard","has-post-thumbnail","hentry","category-incendios","category-portada","category-sin-categoria"],"jetpack_publicize_connections":[],"jetpack_featured_media_url":"https:\/\/formalprision.com\/wp-content\/uploads\/2011\/07\/aaaabajalenuey.jpg","jetpack_sharing_enabled":true,"jetpack_shortlink":"https:\/\/wp.me\/p6id8p-26S","_links":{"self":[{"href":"https:\/\/formalprision.com\/index.php?rest_route=\/wp\/v2\/posts\/8114","targetHints":{"allow":["GET"]}}],"collection":[{"href":"https:\/\/formalprision.com\/index.php?rest_route=\/wp\/v2\/posts"}],"about":[{"href":"https:\/\/formalprision.com\/index.php?rest_route=\/wp\/v2\/types\/post"}],"author":[{"embeddable":true,"href":"https:\/\/formalprision.com\/index.php?rest_route=\/wp\/v2\/users\/1"}],"replies":[{"embeddable":true,"href":"https:\/\/formalprision.com\/index.php?rest_route=%2Fwp%2Fv2%2Fcomments&post=8114"}],"version-history":[{"count":0,"href":"https:\/\/formalprision.com\/index.php?rest_route=\/wp\/v2\/posts\/8114\/revisions"}],"wp:featuredmedia":[{"embeddable":true,"href":"https:\/\/formalprision.com\/index.php?rest_route=\/wp\/v2\/media\/26231"}],"wp:attachment":[{"href":"https:\/\/formalprision.com\/index.php?rest_route=%2Fwp%2Fv2%2Fmedia&parent=8114"}],"wp:term":[{"taxonomy":"category","embeddable":true,"href":"https:\/\/formalprision.com\/index.php?rest_route=%2Fwp%2Fv2%2Fcategories&post=8114"},{"taxonomy":"post_tag","embeddable":true,"href":"https:\/\/formalprision.com\/index.php?rest_route=%2Fwp%2Fv2%2Ftags&post=8114"}],"curies":[{"name":"wp","href":"https:\/\/api.w.org\/{rel}","templated":true}]}}