{"id":8115,"date":"2011-07-13T16:29:00","date_gmt":"2011-07-13T16:29:00","guid":{"rendered":"http:\/\/formalprision.info\/2011\/07\/13\/cuatro-anos-de-carcel-un-narco-de\/"},"modified":"2015-06-03T08:56:32","modified_gmt":"2015-06-03T08:56:32","slug":"cuatro-anos-de-carcel-un-narco-de","status":"publish","type":"post","link":"https:\/\/formalprision.com\/?p=8115","title":{"rendered":"Cuatro a\u00f1os de c\u00e1rcel a un narco del rumbo del aeropuerto"},"content":{"rendered":"<p><a href=\"http:\/\/4.bp.blogspot.com\/-zs7vHq5mQt4\/Th3KaX-rwxI\/AAAAAAAADvc\/yqUrhWlBzbA\/s1600\/aaaanarquitos.JPG\"><img decoding=\"async\" id=\"BLOGGER_PHOTO_ID_5628877663745327890\" style=\"FLOAT: left; MARGIN: 0px 10px 10px 0px; WIDTH: 320px; CURSOR: hand; HEIGHT: 303px\" alt=\"\" src=\"http:\/\/formalprision.com\/wp-content\/uploads\/2011\/07\/aaaanarquitos.jpg\" border=\"0\" \/><\/a><\/p>\n<div>Dos a\u00f1os despu\u00e9s de que fue detenido, el Juzgado Cuarto de Distrito sentenci\u00f3 a cuatro a\u00f1os tres meses de prisi\u00f3n a Marcos Antonio Acevedo V\u00e1zquez (a) \u201cEl Marcos\u201d, hallado culpable de narcomenudeo.<\/div>\n<div>Se le impuso tambi\u00e9n 212 d\u00edas de multa, equivalentes a 36,341 pesos con cuatro centavos,<br \/>De acuerdo con el expediente, el 28 de mayo de 2009, elementos de la Polic\u00eda Federal Ministerial en cumplimiento de la orden de cateo fueron a un predio ubicado sobre la calle 27 por 30 y 32 de la colonia Manuel Crescencio Rej\u00f3n, cerca del aeropuerto de M\u00e9rida.<\/div>\n<div>En el lugar, sorprendieron a Acevedo V\u00e1zquez en posesi\u00f3n de 14 envoltorios de papel y dos bolsas de pl\u00e1stico, conteniendo un total de tres kilos 292 gramos 300 miligramos de mariguana.<br \/>Acevedo V\u00e1zquez se encuentra interno en el Centro de Readaptaci\u00f3n Social, donde enfrentar\u00e1 su condena por ese delito <\/div>\n","protected":false},"excerpt":{"rendered":"<p>Dos a\u00f1os despu\u00e9s de que fue detenido, el Juzgado Cuarto de Distrito sentenci\u00f3 a cuatro a\u00f1os tres meses de prisi\u00f3n a Marcos Antonio Acevedo V\u00e1zquez (a) \u201cEl Marcos\u201d, hallado culpable<\/p>\n","protected":false},"author":1,"featured_media":26233,"comment_status":"open","ping_status":"open","sticky":false,"template":"","format":"standard","meta":{"jetpack_post_was_ever_published":false,"_jetpack_newsletter_access":"","_jetpack_dont_email_post_to_subs":false,"_jetpack_newsletter_tier_id":0,"_jetpack_memberships_contains_paywalled_content":false,"_jetpack_memberships_contains_paid_content":false,"footnotes":"","jetpack_publicize_message":"","jetpack_publicize_feature_enabled":true,"jetpack_social_post_already_shared":false,"jetpack_social_options":{"image_generator_settings":{"template":"highway","default_image_id":0,"font":"","enabled":false},"version":2}},"categories":[47,3,1],"tags":[],"class_list":["post-8115","post","type-post","status-publish","format-standard","has-post-thumbnail","hentry","category-narcos","category-portada","category-sin-categoria"],"jetpack_publicize_connections":[],"jetpack_featured_media_url":"https:\/\/formalprision.com\/wp-content\/uploads\/2011\/07\/aaaanarquitos.jpg","jetpack_sharing_enabled":true,"jetpack_shortlink":"https:\/\/wp.me\/p6id8p-26T","_links":{"self":[{"href":"https:\/\/formalprision.com\/index.php?rest_route=\/wp\/v2\/posts\/8115","targetHints":{"allow":["GET"]}}],"collection":[{"href":"https:\/\/formalprision.com\/index.php?rest_route=\/wp\/v2\/posts"}],"about":[{"href":"https:\/\/formalprision.com\/index.php?rest_route=\/wp\/v2\/types\/post"}],"author":[{"embeddable":true,"href":"https:\/\/formalprision.com\/index.php?rest_route=\/wp\/v2\/users\/1"}],"replies":[{"embeddable":true,"href":"https:\/\/formalprision.com\/index.php?rest_route=%2Fwp%2Fv2%2Fcomments&post=8115"}],"version-history":[{"count":0,"href":"https:\/\/formalprision.com\/index.php?rest_route=\/wp\/v2\/posts\/8115\/revisions"}],"wp:featuredmedia":[{"embeddable":true,"href":"https:\/\/formalprision.com\/index.php?rest_route=\/wp\/v2\/media\/26233"}],"wp:attachment":[{"href":"https:\/\/formalprision.com\/index.php?rest_route=%2Fwp%2Fv2%2Fmedia&parent=8115"}],"wp:term":[{"taxonomy":"category","embeddable":true,"href":"https:\/\/formalprision.com\/index.php?rest_route=%2Fwp%2Fv2%2Fcategories&post=8115"},{"taxonomy":"post_tag","embeddable":true,"href":"https:\/\/formalprision.com\/index.php?rest_route=%2Fwp%2Fv2%2Ftags&post=8115"}],"curies":[{"name":"wp","href":"https:\/\/api.w.org\/{rel}","templated":true}]}}