{"id":8116,"date":"2011-07-13T14:12:00","date_gmt":"2011-07-13T14:12:00","guid":{"rendered":"http:\/\/formalprision.info\/2011\/07\/13\/se-accidenta-el-dueno-de-casa-juanes-en\/"},"modified":"2015-06-03T08:56:32","modified_gmt":"2015-06-03T08:56:32","slug":"se-accidenta-el-dueno-de-casa-juanes-en","status":"publish","type":"post","link":"https:\/\/formalprision.com\/?p=8116","title":{"rendered":"Se accidenta el due\u00f1o de Casa Juanes en la carretera a Progreso"},"content":{"rendered":"<p><a href=\"http:\/\/2.bp.blogspot.com\/-zXnaGEyIU70\/Th2r0oOAzwI\/AAAAAAAADvU\/GPXuDEJ-Oxg\/s1600\/aaaaacasotedejuanes.jpg\"><img decoding=\"async\" id=\"BLOGGER_PHOTO_ID_5628844029920726786\" style=\"FLOAT: left; MARGIN: 0px 10px 10px 0px; WIDTH: 320px; CURSOR: hand; HEIGHT: 240px\" alt=\"\" src=\"http:\/\/formalprision.com\/wp-content\/uploads\/2011\/07\/aaaaacasotedejuanes.jpg\" border=\"0\" \/><\/a><\/p>\n<div>Progreso (Corresponsal\u00eda Yucat\u00e1n Press) El empresario meridano Eduardo Alejo Juanes C\u00e1mara, unod e los propietarios de la cadena de tiendas Casa Juanes, \u201cestren\u00f3\u201d el alumbrado reci\u00e9n instalado en la carretera M\u00e9rida-Progreso al derribar un poste con su lujoso veh\u00edculo.<br \/>Aunque sali\u00f3 ileso del percance, el empresario sufri\u00f3 tremendo susto, pues su veh\u00edculo se estrell\u00f3 de lleno con el poste de alumbrado situado en medio de la v\u00eda.<br \/>El accidente se registr\u00f3 a las 8:30 horas, a la salida hacia M\u00e9rida, poco antes de llegar a las instalaciones de Pemex, cuando el empresario reci\u00e9n dejaba el puerto.<br \/>Seg\u00fan su propio testimonio, perdi\u00f3 el control de su Audi y se fue sore el poste ubicado en medio de la v\u00ed. Por el impacto, el poste se vino abajo junto con la l\u00e1mpara de led.<br \/>Las bolsas de aire del veh\u00edculo se activaron con el impacto, lo que permiti\u00f3 que el empresario saliera ileso, aunque su veh\u00edculo result\u00f3 severamente da\u00f1ado.<br \/>Al lugar acudieron polic\u00edas estatales, municipales y federales, pero las cosas no pasaron a m\u00e1s porque el veh\u00edculo estaba asegurado.<br \/>Seg\u00fan dijo Juanes C\u00e1mara a nuestro corresponsal se dirig\u00eda a M\u00e9rida a trabajar en sus negocios cuando ocurri\u00f3 el impacto.<\/div>\n","protected":false},"excerpt":{"rendered":"<p>Progreso (Corresponsal\u00eda Yucat\u00e1n Press) El empresario meridano Eduardo Alejo Juanes C\u00e1mara, unod e los propietarios de la cadena de tiendas Casa Juanes, \u201cestren\u00f3\u201d el alumbrado reci\u00e9n instalado en la carretera<\/p>\n","protected":false},"author":1,"featured_media":26235,"comment_status":"open","ping_status":"open","sticky":false,"template":"","format":"standard","meta":{"jetpack_post_was_ever_published":false,"_jetpack_newsletter_access":"","_jetpack_dont_email_post_to_subs":false,"_jetpack_newsletter_tier_id":0,"_jetpack_memberships_contains_paywalled_content":false,"_jetpack_memberships_contains_paid_content":false,"footnotes":"","jetpack_publicize_message":"","jetpack_publicize_feature_enabled":true,"jetpack_social_post_already_shared":false,"jetpack_social_options":{"image_generator_settings":{"template":"highway","default_image_id":0,"font":"","enabled":false},"version":2}},"categories":[60,3,1],"tags":[],"class_list":["post-8116","post","type-post","status-publish","format-standard","has-post-thumbnail","hentry","category-cafres","category-portada","category-sin-categoria"],"jetpack_publicize_connections":[],"jetpack_featured_media_url":"https:\/\/formalprision.com\/wp-content\/uploads\/2011\/07\/aaaaacasotedejuanes.jpg","jetpack_sharing_enabled":true,"jetpack_shortlink":"https:\/\/wp.me\/p6id8p-26U","_links":{"self":[{"href":"https:\/\/formalprision.com\/index.php?rest_route=\/wp\/v2\/posts\/8116","targetHints":{"allow":["GET"]}}],"collection":[{"href":"https:\/\/formalprision.com\/index.php?rest_route=\/wp\/v2\/posts"}],"about":[{"href":"https:\/\/formalprision.com\/index.php?rest_route=\/wp\/v2\/types\/post"}],"author":[{"embeddable":true,"href":"https:\/\/formalprision.com\/index.php?rest_route=\/wp\/v2\/users\/1"}],"replies":[{"embeddable":true,"href":"https:\/\/formalprision.com\/index.php?rest_route=%2Fwp%2Fv2%2Fcomments&post=8116"}],"version-history":[{"count":0,"href":"https:\/\/formalprision.com\/index.php?rest_route=\/wp\/v2\/posts\/8116\/revisions"}],"wp:featuredmedia":[{"embeddable":true,"href":"https:\/\/formalprision.com\/index.php?rest_route=\/wp\/v2\/media\/26235"}],"wp:attachment":[{"href":"https:\/\/formalprision.com\/index.php?rest_route=%2Fwp%2Fv2%2Fmedia&parent=8116"}],"wp:term":[{"taxonomy":"category","embeddable":true,"href":"https:\/\/formalprision.com\/index.php?rest_route=%2Fwp%2Fv2%2Fcategories&post=8116"},{"taxonomy":"post_tag","embeddable":true,"href":"https:\/\/formalprision.com\/index.php?rest_route=%2Fwp%2Fv2%2Ftags&post=8116"}],"curies":[{"name":"wp","href":"https:\/\/api.w.org\/{rel}","templated":true}]}}