{"id":8127,"date":"2011-07-11T14:34:00","date_gmt":"2011-07-11T14:34:00","guid":{"rendered":"http:\/\/formalprision.info\/2011\/07\/11\/navales-vigilaran-el-concierto-de\/"},"modified":"2015-06-03T08:56:34","modified_gmt":"2015-06-03T08:56:34","slug":"navales-vigilaran-el-concierto-de","status":"publish","type":"post","link":"https:\/\/formalprision.com\/?p=8127","title":{"rendered":"Navales vigilar\u00e1n el concierto de Shakira, anuncia el comandante de la IX Zona Naval"},"content":{"rendered":"<p><a href=\"http:\/\/4.bp.blogspot.com\/-s4gRwuilWMg\/ThsLhGjmgUI\/AAAAAAAADuU\/WmJVnxvaB30\/s1600\/aaaskjakirasa.jpg\"><img decoding=\"async\" id=\"BLOGGER_PHOTO_ID_5628104822653092162\" style=\"FLOAT: left; MARGIN: 0px 10px 10px 0px; WIDTH: 320px; CURSOR: hand; HEIGHT: 320px\" alt=\"\" src=\"http:\/\/formalprision.com\/wp-content\/uploads\/2011\/07\/aaaskjakirasa.jpg\" border=\"0\" \/><\/a><\/p>\n<div>Progreso (Corresponsal\u00eda Yucat\u00e1n Press)&#8211;La Secretar\u00eda de Marina Armada de M\u00e9xico anunci\u00f3 hoy que navales yucatecos tambi\u00e9n participar\u00e1n en el operativo para garantizar la seguridad de quienes asistan este s\u00e1bado al concierto de la cantante colombiana Sjakira en M\u00e9rida.<\/div>\n<p><\/p>\n<div>El vicealmirante Joaqu\u00edn Zetina Angulo inform\u00f3 esta ma\u00f1ana que ya est\u00e1 listo el personal que brindar\u00e1 apoyo en el concierto.<\/div>\n<p><\/p>\n<div>En rueda de prensa, el funcionario dijo que un grupo de navales estar\u00e1 presente en la zona de La Plancha antes, durante y despu\u00e9s del concierto.<\/div>\n<p><\/p>\n<div>El vicealmirante Zetina Angulo ofreci\u00f3 esta ma\u00f1ana un desayuno en las instalaciones de la IX Zona Naval, donde respondi\u00f3 las inquietudes de los representantes de los medios de comunicaci\u00f3n.<\/div>\n<p><\/p>\n<div>Reiter\u00f3 que se coordinar\u00e1 con el Ej\u00e9rcito, la SSP y otras corporaciones que participar\u00e1n en el operativo de vigilancia y seguridad para el concierto de este s\u00e1bado.<\/div>\n<p><\/p>\n<div><\/div>\n","protected":false},"excerpt":{"rendered":"<p>Progreso (Corresponsal\u00eda Yucat\u00e1n Press)&#8211;La Secretar\u00eda de Marina Armada de M\u00e9xico anunci\u00f3 hoy que navales yucatecos tambi\u00e9n participar\u00e1n en el operativo para garantizar la seguridad de quienes asistan este s\u00e1bado al<\/p>\n","protected":false},"author":1,"featured_media":26256,"comment_status":"open","ping_status":"open","sticky":false,"template":"","format":"standard","meta":{"jetpack_post_was_ever_published":false,"_jetpack_newsletter_access":"","_jetpack_dont_email_post_to_subs":false,"_jetpack_newsletter_tier_id":0,"_jetpack_memberships_contains_paywalled_content":false,"_jetpack_memberships_contains_paid_content":false,"footnotes":"","jetpack_publicize_message":"","jetpack_publicize_feature_enabled":true,"jetpack_social_post_already_shared":false,"jetpack_social_options":{"image_generator_settings":{"template":"highway","default_image_id":0,"font":"","enabled":false},"version":2}},"categories":[3,1,49],"tags":[],"class_list":["post-8127","post","type-post","status-publish","format-standard","has-post-thumbnail","hentry","category-portada","category-sin-categoria","category-tocho-morocho"],"jetpack_publicize_connections":[],"jetpack_featured_media_url":"https:\/\/formalprision.com\/wp-content\/uploads\/2011\/07\/aaaskjakirasa.jpg","jetpack_sharing_enabled":true,"jetpack_shortlink":"https:\/\/wp.me\/p6id8p-275","_links":{"self":[{"href":"https:\/\/formalprision.com\/index.php?rest_route=\/wp\/v2\/posts\/8127","targetHints":{"allow":["GET"]}}],"collection":[{"href":"https:\/\/formalprision.com\/index.php?rest_route=\/wp\/v2\/posts"}],"about":[{"href":"https:\/\/formalprision.com\/index.php?rest_route=\/wp\/v2\/types\/post"}],"author":[{"embeddable":true,"href":"https:\/\/formalprision.com\/index.php?rest_route=\/wp\/v2\/users\/1"}],"replies":[{"embeddable":true,"href":"https:\/\/formalprision.com\/index.php?rest_route=%2Fwp%2Fv2%2Fcomments&post=8127"}],"version-history":[{"count":0,"href":"https:\/\/formalprision.com\/index.php?rest_route=\/wp\/v2\/posts\/8127\/revisions"}],"wp:featuredmedia":[{"embeddable":true,"href":"https:\/\/formalprision.com\/index.php?rest_route=\/wp\/v2\/media\/26256"}],"wp:attachment":[{"href":"https:\/\/formalprision.com\/index.php?rest_route=%2Fwp%2Fv2%2Fmedia&parent=8127"}],"wp:term":[{"taxonomy":"category","embeddable":true,"href":"https:\/\/formalprision.com\/index.php?rest_route=%2Fwp%2Fv2%2Fcategories&post=8127"},{"taxonomy":"post_tag","embeddable":true,"href":"https:\/\/formalprision.com\/index.php?rest_route=%2Fwp%2Fv2%2Ftags&post=8127"}],"curies":[{"name":"wp","href":"https:\/\/api.w.org\/{rel}","templated":true}]}}