{"id":8128,"date":"2011-07-11T14:01:00","date_gmt":"2011-07-11T14:01:00","guid":{"rendered":"http:\/\/formalprision.info\/2011\/07\/11\/mano-dura-contra-la-delincuencia-ofrece\/"},"modified":"2015-06-03T08:56:34","modified_gmt":"2015-06-03T08:56:34","slug":"mano-dura-contra-la-delincuencia-ofrece","status":"publish","type":"post","link":"https:\/\/formalprision.com\/?p=8128","title":{"rendered":"Mano dura contra la delincuencia, ofrece nuevo comandante de la IX Zona Naval"},"content":{"rendered":"<p><a href=\"http:\/\/3.bp.blogspot.com\/-sDIH6zR4_wQ\/ThsJerMPm9I\/AAAAAAAADuM\/0xbeH0239Yw\/s1600\/aaaamarinosnavales.jpg\"><img decoding=\"async\" id=\"BLOGGER_PHOTO_ID_5628102581924371410\" style=\"FLOAT: left; MARGIN: 0px 10px 10px 0px; WIDTH: 320px; CURSOR: hand; HEIGHT: 240px\" alt=\"\" src=\"http:\/\/formalprision.com\/wp-content\/uploads\/2011\/07\/aaaamarinosnavales.jpg\" border=\"0\" \/><\/a><\/p>\n<div>Progreso.- (Corresponsal\u00eda Yucat\u00e1n press) El vicealmirante Joaqu\u00edn Zetina Angulo, ccomandante dela IX Zona Naval con sede en Yucalpet\u00e9n, ofreci\u00f3 esta ma\u00f1ana un desayuno a los medios de comunicaci\u00f3n en el que reiter\u00f3 su compromiso de combatir los il\u00edcitos y auxiliar a la poblaci\u00f3n en Yucat\u00e1n.<\/div>\n<p><\/p>\n<div>Acompa\u00f1ado de su cuerpo de mando, el vicealmirante Zetina Angulo comprometi\u00f3 igualmente el trabajo de los marinos yucatecos para fomentar el respeto al medio ambiente, aunque asegur\u00f3 que se actuar\u00e1 con energ\u00eda contra depredadores del mar, pero respetando los derechos humanos de los pescadores yucatecos.<\/div>\n<p><\/p>\n<div>Este desayuno marc\u00f3 la presentaci\u00f3n oficial ante los medios del vicealmirante Zetina Angulo, quien apenas el mes pasado se hizo cargo de la IX Zona Naval en sustituci\u00f3n del vicealmirante Armando Mart\u00ednez Puente, quien se jubil\u00f3.<\/div>\n<p><\/p>\n<div>El desayuno se realiz\u00f3 esta ma\u00f1ana en las instalaciones navales de Yucalpet\u00e9n.<\/div>\n<p><\/p>\n<div>En su intervenci\u00f3n, el funcionario federal se\u00f1al\u00f3 su compromiso de respetar la libertad de expresi\u00f3n y asegur\u00f3 que brindar\u00e1 las condiciones necesarias para que los medios realicen su trabajo.<\/div>\n<p><\/p>\n<div>Record\u00f3 que los marinos no solo tienen la obligaci\u00f3n de combatir a la delincuencia y vigilar las aguas territoriales nacionales, sino tambi\u00e9n deben brindar ayuda a la poblaci\u00f3n en casos de desastres o en prevenci\u00f3n de fen\u00f3menos naturales, como huracanes.<\/div>\n<p><\/p>\n<div>Dijo que trabajar\u00e1 en coordinaci\u00f3n conotras instancias federales y se\u00f1al\u00f3 que los marinos tambi\u00e9n estar\u00e1n fuera del mar investigando e inhibiendo a la delincuencia.<\/div>\n","protected":false},"excerpt":{"rendered":"<p>Progreso.- (Corresponsal\u00eda Yucat\u00e1n press) El vicealmirante Joaqu\u00edn Zetina Angulo, ccomandante dela IX Zona Naval con sede en Yucalpet\u00e9n, ofreci\u00f3 esta ma\u00f1ana un desayuno a los medios de comunicaci\u00f3n en el<\/p>\n","protected":false},"author":1,"featured_media":26258,"comment_status":"open","ping_status":"open","sticky":false,"template":"","format":"standard","meta":{"jetpack_post_was_ever_published":false,"_jetpack_newsletter_access":"","_jetpack_dont_email_post_to_subs":false,"_jetpack_newsletter_tier_id":0,"_jetpack_memberships_contains_paywalled_content":false,"_jetpack_memberships_contains_paid_content":false,"footnotes":"","jetpack_publicize_message":"","jetpack_publicize_feature_enabled":true,"jetpack_social_post_already_shared":false,"jetpack_social_options":{"image_generator_settings":{"template":"highway","default_image_id":0,"font":"","enabled":false},"version":2}},"categories":[3,1,49],"tags":[],"class_list":["post-8128","post","type-post","status-publish","format-standard","has-post-thumbnail","hentry","category-portada","category-sin-categoria","category-tocho-morocho"],"jetpack_publicize_connections":[],"jetpack_featured_media_url":"https:\/\/formalprision.com\/wp-content\/uploads\/2011\/07\/aaaamarinosnavales.jpg","jetpack_sharing_enabled":true,"jetpack_shortlink":"https:\/\/wp.me\/p6id8p-276","_links":{"self":[{"href":"https:\/\/formalprision.com\/index.php?rest_route=\/wp\/v2\/posts\/8128","targetHints":{"allow":["GET"]}}],"collection":[{"href":"https:\/\/formalprision.com\/index.php?rest_route=\/wp\/v2\/posts"}],"about":[{"href":"https:\/\/formalprision.com\/index.php?rest_route=\/wp\/v2\/types\/post"}],"author":[{"embeddable":true,"href":"https:\/\/formalprision.com\/index.php?rest_route=\/wp\/v2\/users\/1"}],"replies":[{"embeddable":true,"href":"https:\/\/formalprision.com\/index.php?rest_route=%2Fwp%2Fv2%2Fcomments&post=8128"}],"version-history":[{"count":0,"href":"https:\/\/formalprision.com\/index.php?rest_route=\/wp\/v2\/posts\/8128\/revisions"}],"wp:featuredmedia":[{"embeddable":true,"href":"https:\/\/formalprision.com\/index.php?rest_route=\/wp\/v2\/media\/26258"}],"wp:attachment":[{"href":"https:\/\/formalprision.com\/index.php?rest_route=%2Fwp%2Fv2%2Fmedia&parent=8128"}],"wp:term":[{"taxonomy":"category","embeddable":true,"href":"https:\/\/formalprision.com\/index.php?rest_route=%2Fwp%2Fv2%2Fcategories&post=8128"},{"taxonomy":"post_tag","embeddable":true,"href":"https:\/\/formalprision.com\/index.php?rest_route=%2Fwp%2Fv2%2Ftags&post=8128"}],"curies":[{"name":"wp","href":"https:\/\/api.w.org\/{rel}","templated":true}]}}